{"id":10835,"date":"2019-11-15T14:02:19","date_gmt":"2019-11-15T13:02:19","guid":{"rendered":"http:\/\/k1nytt.w.uib.no\/?p=10835"},"modified":"2019-11-19T12:50:53","modified_gmt":"2019-11-19T11:50:53","slug":"vernerunder-2019","status":"publish","type":"post","link":"https:\/\/k1nytt.w.uib.no\/en\/2019\/11\/15\/vernerunder-2019\/","title":{"rendered":"Vernerunder 2019"},"content":{"rendered":"<p>\u00c5rets vernerunde st\u00e5r p\u00e5 trappene og vil bli gjennomf\u00f8rt i l\u00f8pet av de n\u00e6rmeste ukene. HMS-skjema sendes snart ut og har du noe spesielt \u00e5 melde fra om kan du gj\u00f8re det der. Hvis ikke, sees vi uansett p\u00e5 vernerunden!<\/p>\n<p>Minner om at K1 har <strong>f\u00f8lgende verneombud<\/strong>:<br \/>\nAdministrasjon og vitenskapelige stillinger: <a href=\"http:\/\/www.uib.no\/personer\/Siri.Sagen.Trosvik\" target=\"_blank\" rel=\"noopener noreferrer\">Siri Sagen Trosvik<\/a><br \/>\nDyreavdelingen: <a href=\"https:\/\/www.uib.no\/personer\/Suzanne.Brandt\">Suzanne Brandt<\/a>, vara: <a href=\"https:\/\/www.uib.no\/personer\/Helen.Eikeseth.Otter%C3%A5\">Helen Eikeseth Otter\u00e5<\/a><br \/>\nLab\/teknisk: <a href=\"http:\/\/www.uib.no\/personer\/Hanne.Linda.Nakkestad\" target=\"_blank\" rel=\"noopener noreferrer\">Hanne Linda Nakkestad<\/a>, vara: <a href=\"https:\/\/www.uib.no\/personer\/Solrun.Steine\" target=\"_blank\" rel=\"noopener noreferrer\">Solrun Steine<\/a><\/p>\n<p>Ta kontakt dersom du har sp\u00f8rsm\u00e5l. Mer informasjon om vernerunde finner du <a href=\"https:\/\/www.uib.no\/hms-portalen\/74549\/hms-runde\">her<\/a>.<\/p>\n<p><img loading=\"lazy\" decoding=\"async\" class=\"wp-image-10839 aligncenter\" src=\"http:\/\/k1nytt.w.uib.no\/files\/2019\/11\/HMS.jpg\" alt=\"\" width=\"283\" height=\"197\" \/><\/p>","protected":false},"excerpt":{"rendered":"<p>\u00c5rets vernerunde st\u00e5r p\u00e5 trappene og vil bli gjennomf\u00f8rt i l\u00f8pet av de n\u00e6rmeste ukene. HMS-skjema sendes snart ut og har du noe spesielt \u00e5 melde fra om kan du gj\u00f8re det der. Hvis ikke, sees vi uansett p\u00e5 vernerunden!&hellip;<\/p>\n<p class=\"more-link-p\"><a class=\"more-link\" href=\"https:\/\/k1nytt.w.uib.no\/en\/2019\/11\/15\/vernerunder-2019\/\">Read more &rarr;<\/a><\/p>","protected":false},"author":4403,"featured_media":0,"comment_status":"open","ping_status":"open","sticky":false,"template":"","format":"standard","meta":{"footnotes":""},"categories":[39955],"tags":[],"class_list":["post-10835","post","type-post","status-publish","format-standard","hentry","category-hms"],"_links":{"self":[{"href":"https:\/\/k1nytt.w.uib.no\/en\/wp-json\/wp\/v2\/posts\/10835","targetHints":{"allow":["GET"]}}],"collection":[{"href":"https:\/\/k1nytt.w.uib.no\/en\/wp-json\/wp\/v2\/posts"}],"about":[{"href":"https:\/\/k1nytt.w.uib.no\/en\/wp-json\/wp\/v2\/types\/post"}],"author":[{"embeddable":true,"href":"https:\/\/k1nytt.w.uib.no\/en\/wp-json\/wp\/v2\/users\/4403"}],"replies":[{"embeddable":true,"href":"https:\/\/k1nytt.w.uib.no\/en\/wp-json\/wp\/v2\/comments?post=10835"}],"version-history":[{"count":12,"href":"https:\/\/k1nytt.w.uib.no\/en\/wp-json\/wp\/v2\/posts\/10835\/revisions"}],"predecessor-version":[{"id":10894,"href":"https:\/\/k1nytt.w.uib.no\/en\/wp-json\/wp\/v2\/posts\/10835\/revisions\/10894"}],"wp:attachment":[{"href":"https:\/\/k1nytt.w.uib.no\/en\/wp-json\/wp\/v2\/media?parent=10835"}],"wp:term":[{"taxonomy":"category","embeddable":true,"href":"https:\/\/k1nytt.w.uib.no\/en\/wp-json\/wp\/v2\/categories?post=10835"},{"taxonomy":"post_tag","embeddable":true,"href":"https:\/\/k1nytt.w.uib.no\/en\/wp-json\/wp\/v2\/tags?post=10835"}],"curies":[{"name":"wp","href":"https:\/\/api.w.org\/{rel}","templated":true}]}}