{"id":11271,"date":"2020-01-31T14:39:03","date_gmt":"2020-01-31T13:39:03","guid":{"rendered":"http:\/\/k1nytt.w.uib.no\/?p=11271"},"modified":"2020-01-31T14:38:28","modified_gmt":"2020-01-31T13:38:28","slug":"velferd-33","status":"publish","type":"post","link":"https:\/\/k1nytt.w.uib.no\/en\/2020\/01\/31\/velferd-33\/","title":{"rendered":"Velferd"},"content":{"rendered":"<div><strong>BERGEN KUNSTHALL<\/strong><br \/>\nRasmus Meyers all\u00e9 5<\/p>\n<div>\n<p><strong>Velkommen til utstillings\u00e5pning fredag 31. januar kl. 20:00: Simone Fattal og Adelita Husni-Bey<\/strong><\/p>\n<div><strong>Gratis inngang p\u00e5 \u00e5pningen!<\/strong><\/div>\n<div>\n<p><strong>\u00c5pningsfest p\u00e5 Landmark med DJs Tolga og Anne Stinessen som spiller inn i de sene nattetimer.<\/strong><\/p>\n<div><strong><strong><br \/>\n<\/strong><\/strong><\/p>\n<div id=\"attachment_11273\" style=\"width: 298px\" class=\"wp-caption alignright\"><img loading=\"lazy\" decoding=\"async\" aria-describedby=\"caption-attachment-11273\" class=\"wp-image-11273\" src=\"http:\/\/k1nytt.w.uib.no\/files\/2020\/01\/Landmark1.jpg\" alt=\"\" width=\"288\" height=\"216\" srcset=\"https:\/\/k1nytt.w.uib.no\/files\/2020\/01\/Landmark1.jpg 407w, https:\/\/k1nytt.w.uib.no\/files\/2020\/01\/Landmark1-300x225.jpg 300w\" sizes=\"auto, (max-width: 288px) 100vw, 288px\" \/><p id=\"caption-attachment-11273\" class=\"wp-caption-text\">landmark.no<\/p><\/div>\n<p><strong>Simone Fattal<br \/>\nFix Your Gaze On Saturn\u2019s Rings<br \/>\n31. januar &#8211; 22. mars 2020<\/strong><\/p>\n<p>Utstillingen viser skulptur, tegning, maleri, collage og fotografi fra 1970-tallet til i dag, av den libanesisk-amerikanske kunstneren Simone Fattal.<\/p>\n<\/div>\n<p>Simone Fattal er mest kjent for sitt arbeid med leire og steint\u00f8y, ofte glasert i skinnende farger eller ulike val\u00f8rer av sand- og brunfarger. Verkene b\u00e6rer tydelige spor fra skapelsesprosessen; knapt formgitt, med antydende former og frosset i en tilstand av tilblivelse. De mange h\u00f8yreiste figurene, i tillegg til arkitektoniske ruiner eller ulike beholdere som urner og vaser, knytter an til hennes interesse for mytologi og arkeologi, samt temaer knyttet til \u00f8deleggelse og restitusjon etter krigserfaringer.<\/p>\n<p>En hel verden av minner, ideer og referanser til historie, poesi og kontempor\u00e6r politikk nedfeller seg i arbeidene, som har tatt form i samspill med omgivelsene og erfaringene som har omgitt kunstneren. Fattal er f\u00f8dt i Syria og oppvokst i Libanon. Etter \u00e5 ha studert filosofi i Paris etablerte hun seg som kunstner p\u00e5 1970-tallet i Beirut. I 1982 flyttet hun til California, hvor hun startet forlaget Post-Apollo Press.<\/p>\n<p>Fattals arbeider besitter en tidl\u00f8shet \u2013 b\u00e5de arkaisk og moderne p\u00e5 samme tid. F\u00f8rst og fremst uttrykker de en dyp humanisme og en refleksjon omkring mennesket og dets plass i verden og historien.<\/p>\n<p>Simone Fattal (f. 1942, Damaskus, Syria) bor og arbeider i Paris.<\/p>\n<div>\n<p>Les mer om utstillingen p\u00e5 <a href=\"http:\/\/kunsthall.no\/\">kunsthall.no<\/a><\/p>\n<p>&nbsp;<\/p>\n<div id=\"attachment_11276\" style=\"width: 329px\" class=\"wp-caption alignleft\"><img loading=\"lazy\" decoding=\"async\" aria-describedby=\"caption-attachment-11276\" class=\"size-full wp-image-11276\" src=\"http:\/\/k1nytt.w.uib.no\/files\/2020\/01\/Landmark2.jpg\" alt=\"\" width=\"319\" height=\"240\" srcset=\"https:\/\/k1nytt.w.uib.no\/files\/2020\/01\/Landmark2.jpg 319w, https:\/\/k1nytt.w.uib.no\/files\/2020\/01\/Landmark2-300x226.jpg 300w\" sizes=\"auto, (max-width: 319px) 100vw, 319px\" \/><p id=\"caption-attachment-11276\" class=\"wp-caption-text\">landmark.no<\/p><\/div>\n<p><strong><span style=\"color: #0b0118\">Adelita Husni-Bey<br \/>\nMaktspill<br \/>\n31. januar &#8211; 22. mars 2020<\/span><\/strong><\/p>\n<\/div>\n<\/div>\n<div><\/div>\n<div>\n<p>Libysk-italienske Adelita Husni-Bey ser p\u00e5 seg selv som b\u00e5de pedagog og kunstner. Hennes arbeid benytter ofte l\u00e6ringsmetoder basert p\u00e5 kollektive analyser av gruppedynamikk, ofte med workshopen som et format hvor hun involverer ulike grupper, blant annet skoleklasser, sykehus eller organisasjoner som jobber med bistand og juss. Hennes praksis kretser omkring det \u00e5 forestille seg endringer i samfunnet, samt \u00e5 analysere hvordan maktstrukturer, samhandling og ekskludering oppst\u00e5r.<\/p>\n<p>Utstillingen presenterer en installasjon og en workshop, sentrert omkring videoverket Agency. Filmen dokumenterer et tredagers intensivt rollespill med ungdommer fra Roma, hvor elevene gjenskaper noen av de antatte rollene i et nyliberalt demokrati: politikere, journalister, arbeidere, aktivister og finansfolk. Gjennom et sett med regler spiller deltakerne ut og endrer maktforholdet mellom gruppene, skaper koalisjoner og forhandler om deres innvirkning og avhengighet. I l\u00f8pet av utstillingsperioden vil visningsrommet bli brukt som et arbeidssted og klasserom for en ny utgave av rollespillet sammen med elever fra Bergen.<\/p>\n<p>Utstillingen er et samarbeid mellom Bergen Kunsthall og Borealis \u2013 en festival for eksperimentell musikk.<\/p>\n<p>Adelita Husni-Bey (f. 1985, Milano, Italia) bor og arbeider I Italia og New York.<\/p>\n<p>Workshop: Klasse 2KDA (Kunst, design og arkitektur), Olsvik\u00e5sen videreg\u00e5ende skole, 9.\u201313. mars 2020. L\u00e6rere: Atle Kold Hansen og Lillian Presthus.<\/p>\n<p>Les mer om utstillingen p\u00e5 <a href=\"http:\/\/kunsthall.no\/\">kunsthall.no<\/a><\/p>\n<div><strong>Plattform<br \/>\nSimone Fattal\u00a0 i samtale med Barbara Casavecchia<br \/>\nL\u00f8rdag 1. februar 2020 kl. 14:00 &#8211; Gratis<\/strong>I forbindelse med \u00e5pningen av Simone Fattals utstilling &laquo;Fix Your Gaze On Saturn\u2019s Rings&raquo; p\u00e5 Bergen Kunsthall blir det Plattformsamtale med Fattal og skribent og kurator Barbara Casavecchia denne l\u00f8rdagen.Les mer p\u00e5 <a href=\"https:\/\/www.facebook.com\/events\/567263480670871\/\">facebook<\/a><\/p>\n<hr \/>\n<p><strong>\u00abEn pille for alt som er ille?&raquo;<\/strong><br \/>\nI Norge forskrives medikamenter som aldri f\u00f8r. Er det derfor vi er en av verdens friskeste og lengstlevende befolkninger? Eller ville vi klart oss minst like godt hvis vi droppet halvparten av pillene?<\/p>\n<p>Legemiddelindustrien er verdens sterkeste lobbyist, med st\u00f8rre finansielle muskler enn v\u00e5penindustrien, matindustrien, eller tobakksindustrien &#8211; b\u00f8ter p\u00e5 3 milliarder dollar kan tilsvare \u00e9n m\u00e5neds omsetning i denne bransjen. Med sofistikerte psykologiske metoder ledes helsepersonell og forbrukere til \u00e5 se p\u00e5 legemidler som nyttige, n\u00f8dvendige og uskyldige. Det kan de v\u00e6re. Men ofte er de ingen av delene.<\/p>\n<p>Journalist og forfatter Niels Chr. Geelmuyden har skrevet boken \u00abPillebefinnende\u00bb, som dokumenterer at folk \u2013 ogs\u00e5 leger \u2013 er ukritiske til bruk av legemidler. <a href=\"https:\/\/www.cappelendamm.no\/_pillebefinnende-niels-christian-geelmuyden-9788202527006\">Boken<\/a> har vakt oppsikt og h\u00f8stet <a href=\"https:\/\/tidsskriftet.no\/2018\/04\/kommentar\/kritikkvarslende\">kritikk<\/a>, men har ogs\u00e5 i <a href=\"https:\/\/tidsskriftet.no\/2018\/01\/anmeldelser\/pillevarslende\">legetidsskriftet<\/a> blitt rost for \u00abalvorlig og berettiget systemkritikk\u00bb.<\/p>\n<p>P\u00e5 m\u00f8tet kommer Geelmuyden til \u00e5 legge frem forskningsresultater og diskutere hva som kunne v\u00e6re sunn bruk av legemidlene. Lege Edvin Schei vil lede m\u00f8tet.<\/p>\n<p>Vel m\u00f8tt i Litteraturhuset, \u00d8stre Skostredet, <strong>onsdag 5. februar kl. 19<\/strong>. Kj\u00f8p <a href=\"http:\/\/www.litthusbergen.no\/program\/2020\/02\/filosofisk-poliklinikk-050220\/\">nettbillett<\/a>, unng\u00e5 k\u00f8!<\/p>\n<p>Facebook, <a href=\"https:\/\/www.facebook.com\/events\/2278846232413299\/\">klikk her<\/a><br \/>\nVelkommen i Filosofisk poliklinikk!<br \/>\n<a href=\"http:\/\/filosofiskpoliklinikk.no\/\">http:\/\/filosofiskpoliklinikk.no\/<\/a><\/p>\n<div id=\"attachment_11351\" style=\"width: 930px\" class=\"wp-caption alignnone\"><img loading=\"lazy\" decoding=\"async\" aria-describedby=\"caption-attachment-11351\" class=\"size-full wp-image-11351\" src=\"http:\/\/k1nytt.w.uib.no\/files\/2020\/01\/Piller.jpg\" alt=\"\" width=\"920\" height=\"518\" srcset=\"https:\/\/k1nytt.w.uib.no\/files\/2020\/01\/Piller.jpg 920w, https:\/\/k1nytt.w.uib.no\/files\/2020\/01\/Piller-300x169.jpg 300w, https:\/\/k1nytt.w.uib.no\/files\/2020\/01\/Piller-768x432.jpg 768w\" sizes=\"auto, (max-width: 920px) 100vw, 920px\" \/><p id=\"caption-attachment-11351\" class=\"wp-caption-text\">litthusbergen.no<\/p><\/div>\n<\/div>\n<\/div>\n<\/div>\n<\/div>\n<p>&nbsp;<\/p>\n<hr \/>\n<p><strong>Invitasjon til Universitetets Festkonsert i Grieghallen<\/strong><\/p>\n<p>Kj\u00e6re kolleger!<\/p>\n<p>Rektor Dag Rune Olsen har gleden av \u00e5 invitere deg med ledsager til Universitetets Festkonsert 2020 med Bergen Filharmoniske Orkester.<\/p>\n<p><strong>Onsdag 19. februar kl. 19:00 i Grieghallen<\/strong><\/p>\n<p>Program:<br \/>\n19:00 Enkel servering i spissen av Grieghallen<br \/>\n19:30 D\u00f8rene inn til Griegsalen \u00e5pner<br \/>\n20:00 Konserten starter<br \/>\n21:15 Konsertslutt<\/p>\n<p>Om konserten:<br \/>\nKonsertkvelden innledes med preludium fra Edvard Griegs Holbergsuite, et av hans mest folkekj\u00e6re verk hvor han s\u00f8kte \u00e5 gjenskape stemninger fra Ludvig Holbergs tid. Den kanadiske fiolinstjernen og orkestervennen James Ehnes er solist i Jean Sibelius&#8217; Humoresque nr. 6 for fiolin og orkester, komponert i skyggen av den f\u00f8rste verdenskrigen. Konserten avrundes med den danske komponisten Carl Nielsens Symfoni nr. 5 fra 1922. Verket har to satser og handler, if\u00f8lge Nielsen selv, om kontrast og opposisjon.<\/p>\n<p>Velkommen!<\/p>\n<p>P\u00e5melding <a href=\"https:\/\/bit.ly\/38OTpQX\">her<\/a>.<br \/>\nFrist: 12. februar 2020<br \/>\nMaks to billetter per person<\/p>\n<div id=\"attachment_11373\" style=\"width: 646px\" class=\"wp-caption alignnone\"><img loading=\"lazy\" decoding=\"async\" aria-describedby=\"caption-attachment-11373\" class=\"wp-image-11373 size-full\" src=\"http:\/\/k1nytt.w.uib.no\/files\/2020\/01\/grieghallen2.jpg\" alt=\"\" width=\"636\" height=\"426\" srcset=\"https:\/\/k1nytt.w.uib.no\/files\/2020\/01\/grieghallen2.jpg 636w, https:\/\/k1nytt.w.uib.no\/files\/2020\/01\/grieghallen2-300x201.jpg 300w\" sizes=\"auto, (max-width: 636px) 100vw, 636px\" \/><p id=\"caption-attachment-11373\" class=\"wp-caption-text\">Foto\/ill.: Eilif Stene<\/p><\/div>","protected":false},"excerpt":{"rendered":"<p>BERGEN KUNSTHALL Rasmus Meyers all\u00e9 5 Velkommen til utstillings\u00e5pning fredag 31. januar kl. 20:00: Simone Fattal og Adelita Husni-Bey Gratis inngang p\u00e5 \u00e5pningen! \u00c5pningsfest p\u00e5 Landmark med DJs Tolga og Anne Stinessen som spiller inn i de sene nattetimer. Simone&hellip;<\/p>\n<p class=\"more-link-p\"><a class=\"more-link\" href=\"https:\/\/k1nytt.w.uib.no\/en\/2020\/01\/31\/velferd-33\/\">Read more &rarr;<\/a><\/p>","protected":false},"author":4403,"featured_media":0,"comment_status":"open","ping_status":"open","sticky":false,"template":"","format":"standard","meta":{"footnotes":""},"categories":[79419],"tags":[],"class_list":["post-11271","post","type-post","status-publish","format-standard","hentry","category-velferd"],"_links":{"self":[{"href":"https:\/\/k1nytt.w.uib.no\/en\/wp-json\/wp\/v2\/posts\/11271","targetHints":{"allow":["GET"]}}],"collection":[{"href":"https:\/\/k1nytt.w.uib.no\/en\/wp-json\/wp\/v2\/posts"}],"about":[{"href":"https:\/\/k1nytt.w.uib.no\/en\/wp-json\/wp\/v2\/types\/post"}],"author":[{"embeddable":true,"href":"https:\/\/k1nytt.w.uib.no\/en\/wp-json\/wp\/v2\/users\/4403"}],"replies":[{"embeddable":true,"href":"https:\/\/k1nytt.w.uib.no\/en\/wp-json\/wp\/v2\/comments?post=11271"}],"version-history":[{"count":27,"href":"https:\/\/k1nytt.w.uib.no\/en\/wp-json\/wp\/v2\/posts\/11271\/revisions"}],"predecessor-version":[{"id":11379,"href":"https:\/\/k1nytt.w.uib.no\/en\/wp-json\/wp\/v2\/posts\/11271\/revisions\/11379"}],"wp:attachment":[{"href":"https:\/\/k1nytt.w.uib.no\/en\/wp-json\/wp\/v2\/media?parent=11271"}],"wp:term":[{"taxonomy":"category","embeddable":true,"href":"https:\/\/k1nytt.w.uib.no\/en\/wp-json\/wp\/v2\/categories?post=11271"},{"taxonomy":"post_tag","embeddable":true,"href":"https:\/\/k1nytt.w.uib.no\/en\/wp-json\/wp\/v2\/tags?post=11271"}],"curies":[{"name":"wp","href":"https:\/\/api.w.org\/{rel}","templated":true}]}}