{"id":11640,"date":"2020-03-27T17:21:19","date_gmt":"2020-03-27T16:21:19","guid":{"rendered":"http:\/\/k1nytt.w.uib.no\/?p=11640"},"modified":"2020-03-27T17:21:19","modified_gmt":"2020-03-27T16:21:19","slug":"digitalt-arbeidsmiljo","status":"publish","type":"post","link":"https:\/\/k1nytt.w.uib.no\/en\/2020\/03\/27\/digitalt-arbeidsmiljo\/","title":{"rendered":"Digitalt arbeidsmilj\u00f8"},"content":{"rendered":"<p><span data-contrast=\"auto\">HR-avdelingen har laget en samleside for ansatte og ledere om digitalt arbeidsmilj\u00f8 og hvordan vi kan arbeide og samhandle p\u00e5 nye m\u00e5ter i den spesielle situasjonen vi er i. Sidene vil bli oppdaterte fortl\u00f8pende. Ta en kikk for tips til blant annet gjennomf\u00f8ring av digitale m\u00f8ter, medarbeideroppf\u00f8lging, ergonomi og digital rekruttering.<\/span><\/p>\n<p><a href=\"https:\/\/www.uib.no\/hr\/134619\/digitalt-arbeidsmilj%C3%B8\"><span data-contrast=\"auto\">https:\/\/www.uib.no\/hr\/134619\/digitalt-arbeidsmilj\u00f8<\/span><\/a><\/p>\n<div id=\"attachment_11652\" style=\"width: 678px\" class=\"wp-caption alignleft\"><img loading=\"lazy\" decoding=\"async\" aria-describedby=\"caption-attachment-11652\" class=\"size-full wp-image-11652\" src=\"http:\/\/k1nytt.w.uib.no\/files\/2020\/03\/plakat_3.jpg\" alt=\"\" width=\"668\" height=\"945\" srcset=\"https:\/\/k1nytt.w.uib.no\/files\/2020\/03\/plakat_3.jpg 668w, https:\/\/k1nytt.w.uib.no\/files\/2020\/03\/plakat_3-212x300.jpg 212w\" sizes=\"auto, (max-width: 668px) 100vw, 668px\" \/><p id=\"caption-attachment-11652\" class=\"wp-caption-text\">Foto\/ill.: UiB, Foto: Silje Marie Bjerkeng<\/p><\/div>","protected":false},"excerpt":{"rendered":"<p>HR-avdelingen har laget en samleside for ansatte og ledere om digitalt arbeidsmilj\u00f8 og hvordan vi kan arbeide og samhandle p\u00e5 nye m\u00e5ter i den spesielle situasjonen vi er i. Sidene vil bli oppdaterte fortl\u00f8pende. Ta en kikk for tips til&hellip;<\/p>\n<p class=\"more-link-p\"><a class=\"more-link\" href=\"https:\/\/k1nytt.w.uib.no\/en\/2020\/03\/27\/digitalt-arbeidsmiljo\/\">Read more &rarr;<\/a><\/p>","protected":false},"author":4403,"featured_media":0,"comment_status":"open","ping_status":"open","sticky":false,"template":"","format":"standard","meta":{"footnotes":""},"categories":[39955],"tags":[],"class_list":["post-11640","post","type-post","status-publish","format-standard","hentry","category-hms"],"_links":{"self":[{"href":"https:\/\/k1nytt.w.uib.no\/en\/wp-json\/wp\/v2\/posts\/11640","targetHints":{"allow":["GET"]}}],"collection":[{"href":"https:\/\/k1nytt.w.uib.no\/en\/wp-json\/wp\/v2\/posts"}],"about":[{"href":"https:\/\/k1nytt.w.uib.no\/en\/wp-json\/wp\/v2\/types\/post"}],"author":[{"embeddable":true,"href":"https:\/\/k1nytt.w.uib.no\/en\/wp-json\/wp\/v2\/users\/4403"}],"replies":[{"embeddable":true,"href":"https:\/\/k1nytt.w.uib.no\/en\/wp-json\/wp\/v2\/comments?post=11640"}],"version-history":[{"count":4,"href":"https:\/\/k1nytt.w.uib.no\/en\/wp-json\/wp\/v2\/posts\/11640\/revisions"}],"predecessor-version":[{"id":11654,"href":"https:\/\/k1nytt.w.uib.no\/en\/wp-json\/wp\/v2\/posts\/11640\/revisions\/11654"}],"wp:attachment":[{"href":"https:\/\/k1nytt.w.uib.no\/en\/wp-json\/wp\/v2\/media?parent=11640"}],"wp:term":[{"taxonomy":"category","embeddable":true,"href":"https:\/\/k1nytt.w.uib.no\/en\/wp-json\/wp\/v2\/categories?post=11640"},{"taxonomy":"post_tag","embeddable":true,"href":"https:\/\/k1nytt.w.uib.no\/en\/wp-json\/wp\/v2\/tags?post=11640"}],"curies":[{"name":"wp","href":"https:\/\/api.w.org\/{rel}","templated":true}]}}