{"id":12444,"date":"2020-09-25T16:42:34","date_gmt":"2020-09-25T14:42:34","guid":{"rendered":"http:\/\/k1nytt.w.uib.no\/?p=12444"},"modified":"2020-09-25T17:18:41","modified_gmt":"2020-09-25T15:18:41","slug":"12444","status":"publish","type":"post","link":"https:\/\/k1nytt.w.uib.no\/en\/2020\/09\/25\/12444\/","title":{"rendered":"&#8211; Stadig st\u00f8rre muligheter for samarbeid"},"content":{"rendered":"<p><img loading=\"lazy\" decoding=\"async\" class=\"wp-image-12445 alignright\" src=\"http:\/\/k1nytt.w.uib.no\/files\/2020\/09\/ketil_oedegaard.png\" alt=\"\" width=\"213\" height=\"276\" \/>Professor Ketil Joachim \u00d8degaard er ny forskningsleder ved K1. Vi har stilt ham et par sp\u00f8rsm\u00e5l om hvilke ambisjoner og satningsomr\u00e5der han vil fokusere p\u00e5 i tiden som kommer.<\/p>\n<p><em>Hvilke ambisjoner har du som ny forskningsleder ved K1?<\/em><\/p>\n<p>&#8211; F\u00f8rst og fremst gleder jeg meg over at instituttledelsen har \u00f8nsket meg som ny forskningsleder. Jeg har v\u00e6rt professor i psykiatri (50%) siden 2013 og i perioder vikariert som seksjonsleder for psykiatri og gjennom det v\u00e6rt med p\u00e5 lederm\u00f8ter ved instituttet. N\u00e5 f\u00e5r jeg sjansen til \u00e5 bli bedre kjent med de mange forskningsgruppene ved K1. En personlig ambisjon for meg vil nok v\u00e6re \u00e5 pr\u00f8ve \u00e5 bidra til at forskningen innen psykisk helsevern i enda st\u00f8rre grad benytter seg av samarbeidsmuligheter som ligger ved \u00e5 samhandle med K1 og de mange sterke forskningsmilj\u00f8ene p\u00e5 instituttet. For \u00f8vrig vil jeg bruke litt tid p\u00e5 \u00e5 sette meg inn i oppgaven og sammen med instituttledelsen legge planer for hvordan jeg best kan bidra til at K1 f\u00e5r gjennomslag for sine strategiske forskningsm\u00e5l.<\/p>\n<p><em>Hva tenker du blir ekstra viktig \u00e5 satse p\u00e5 i tiden som kommer?<\/em><\/p>\n<p>&#8211; Jeg har i en \u00e5rrekke v\u00e6rt forskningssjef ved divisjon psykisk helsevern, HUS. Gjennom denne stillingen har jeg erfart hvor viktig samarbeidet mellom HUS og K1 er for \u00e5 f\u00e5 til god forskning. Men, jeg har ogs\u00e5 v\u00e6rt del av en utvikling der vi ogs\u00e5 har oppn\u00e5dd gode resultater ved \u00e5 rette samarbeidet mot andre deler av universitetet som Det psykologiske fakultet, og andre lokale forskningsakt\u00f8rer som H\u00f8gskulen p\u00e5 Vestlandet og kommunene i bergensomr\u00e5det. I tillegg til at vi selvsagt fortsatt m\u00e5 satse p\u00e5 \u00e5 vinne frem i konkurransen om tradisjonelle utlysninger av forskningsmidler fra EU, NFR osv., tenker jeg at vi ikke m\u00e5 glemme at det ser ut til \u00e5 bli stadig st\u00f8rre muligheter for \u00e5 f\u00e5 til god forskning i samarbeid med nevnte akt\u00f8rer, ikke minst gjennom store nysatsninger som f.eks. Alrek helseklynge.<\/p>","protected":false},"excerpt":{"rendered":"<p>Professor Ketil Joachim \u00d8degaard er ny forskningsleder ved K1. Vi har stilt ham et par sp\u00f8rsm\u00e5l om hvilke ambisjoner og satningsomr\u00e5der han vil fokusere p\u00e5 i tiden som kommer. Hvilke ambisjoner har du som ny forskningsleder ved K1? &#8211; F\u00f8rst&hellip;<\/p>\n<p class=\"more-link-p\"><a class=\"more-link\" href=\"https:\/\/k1nytt.w.uib.no\/en\/2020\/09\/25\/12444\/\">Read more &rarr;<\/a><\/p>","protected":false},"author":4403,"featured_media":0,"comment_status":"open","ping_status":"open","sticky":false,"template":"","format":"standard","meta":{"footnotes":""},"categories":[47,1219],"tags":[],"class_list":["post-12444","post","type-post","status-publish","format-standard","hentry","category-nyhet","category-forskning"],"_links":{"self":[{"href":"https:\/\/k1nytt.w.uib.no\/en\/wp-json\/wp\/v2\/posts\/12444","targetHints":{"allow":["GET"]}}],"collection":[{"href":"https:\/\/k1nytt.w.uib.no\/en\/wp-json\/wp\/v2\/posts"}],"about":[{"href":"https:\/\/k1nytt.w.uib.no\/en\/wp-json\/wp\/v2\/types\/post"}],"author":[{"embeddable":true,"href":"https:\/\/k1nytt.w.uib.no\/en\/wp-json\/wp\/v2\/users\/4403"}],"replies":[{"embeddable":true,"href":"https:\/\/k1nytt.w.uib.no\/en\/wp-json\/wp\/v2\/comments?post=12444"}],"version-history":[{"count":12,"href":"https:\/\/k1nytt.w.uib.no\/en\/wp-json\/wp\/v2\/posts\/12444\/revisions"}],"predecessor-version":[{"id":12517,"href":"https:\/\/k1nytt.w.uib.no\/en\/wp-json\/wp\/v2\/posts\/12444\/revisions\/12517"}],"wp:attachment":[{"href":"https:\/\/k1nytt.w.uib.no\/en\/wp-json\/wp\/v2\/media?parent=12444"}],"wp:term":[{"taxonomy":"category","embeddable":true,"href":"https:\/\/k1nytt.w.uib.no\/en\/wp-json\/wp\/v2\/categories?post=12444"},{"taxonomy":"post_tag","embeddable":true,"href":"https:\/\/k1nytt.w.uib.no\/en\/wp-json\/wp\/v2\/tags?post=12444"}],"curies":[{"name":"wp","href":"https:\/\/api.w.org\/{rel}","templated":true}]}}