{"id":13024,"date":"2020-12-21T17:14:42","date_gmt":"2020-12-21T16:14:42","guid":{"rendered":"http:\/\/k1nytt.w.uib.no\/?p=13024"},"modified":"2020-12-21T17:14:42","modified_gmt":"2020-12-21T16:14:42","slug":"gruppelederopplaering-varen-2021","status":"publish","type":"post","link":"https:\/\/k1nytt.w.uib.no\/en\/2020\/12\/21\/gruppelederopplaering-varen-2021\/","title":{"rendered":"Gruppelederoppl\u00e6ring v\u00e5ren 2021"},"content":{"rendered":"<p>Kj\u00e6re alle fakultet!<\/p>\n<p>Vedlagt er et informasjonsskriv om p\u00e5melding til UiBs gruppelederoppl\u00e6ring for v\u00e5rsemesteret 2021. Oppl\u00e6ringen er lagt til uke 2. Vennligst distribuer til de som har ansvaret for \u00e5 ansette seminarledere\/gruppeledere ved instituttene og\/eller fakultetene. Det er begrenset plasser dessverre (60 stk). Grunnet Korona vil undervisningen foreg\u00e5 digitalt via Zoom.<\/p>\n<p>Det er sv\u00e6rt viktig at dokumentet videresendes til studenter da p\u00e5meldingsskjema for begge modulene er her, samt viktig informasjon rundt modulene.<\/p>\n<p>Sp\u00f8rsm\u00e5l kan stilles til Lucas M. Jeno <a href=\"mailto:Lucas.Jeno@uib.no\">Lucas.Jeno@uib.no<\/a> eller K\u00e5re Helleve <a href=\"mailto:Kare.Helleve@uib.no\">Kare.Helleve@uib.no<\/a> som jobber i administrasjonen p\u00e5 Program for Universitetspedagogikk.<\/p>\n<p><a href=\"https:\/\/tjinfo.uib.no\/Vedlegg?id=19c0056c2aed983b0613894b4c68055f\">Gruppelederoppl\u00e6ring 2021v_Invitasjon til studenter<\/a><\/p>","protected":false},"excerpt":{"rendered":"<p>Kj\u00e6re alle fakultet! Vedlagt er et informasjonsskriv om p\u00e5melding til UiBs gruppelederoppl\u00e6ring for v\u00e5rsemesteret 2021. Oppl\u00e6ringen er lagt til uke 2. Vennligst distribuer til de som har ansvaret for \u00e5 ansette seminarledere\/gruppeledere ved instituttene og\/eller fakultetene. Det er begrenset plasser&hellip;<\/p>\n<p class=\"more-link-p\"><a class=\"more-link\" href=\"https:\/\/k1nytt.w.uib.no\/en\/2020\/12\/21\/gruppelederopplaering-varen-2021\/\">Read more &rarr;<\/a><\/p>","protected":false},"author":4403,"featured_media":0,"comment_status":"open","ping_status":"open","sticky":false,"template":"","format":"standard","meta":{"footnotes":""},"categories":[79429],"tags":[],"class_list":["post-13024","post","type-post","status-publish","format-standard","hentry","category-studie"],"_links":{"self":[{"href":"https:\/\/k1nytt.w.uib.no\/en\/wp-json\/wp\/v2\/posts\/13024","targetHints":{"allow":["GET"]}}],"collection":[{"href":"https:\/\/k1nytt.w.uib.no\/en\/wp-json\/wp\/v2\/posts"}],"about":[{"href":"https:\/\/k1nytt.w.uib.no\/en\/wp-json\/wp\/v2\/types\/post"}],"author":[{"embeddable":true,"href":"https:\/\/k1nytt.w.uib.no\/en\/wp-json\/wp\/v2\/users\/4403"}],"replies":[{"embeddable":true,"href":"https:\/\/k1nytt.w.uib.no\/en\/wp-json\/wp\/v2\/comments?post=13024"}],"version-history":[{"count":2,"href":"https:\/\/k1nytt.w.uib.no\/en\/wp-json\/wp\/v2\/posts\/13024\/revisions"}],"predecessor-version":[{"id":13026,"href":"https:\/\/k1nytt.w.uib.no\/en\/wp-json\/wp\/v2\/posts\/13024\/revisions\/13026"}],"wp:attachment":[{"href":"https:\/\/k1nytt.w.uib.no\/en\/wp-json\/wp\/v2\/media?parent=13024"}],"wp:term":[{"taxonomy":"category","embeddable":true,"href":"https:\/\/k1nytt.w.uib.no\/en\/wp-json\/wp\/v2\/categories?post=13024"},{"taxonomy":"post_tag","embeddable":true,"href":"https:\/\/k1nytt.w.uib.no\/en\/wp-json\/wp\/v2\/tags?post=13024"}],"curies":[{"name":"wp","href":"https:\/\/api.w.org\/{rel}","templated":true}]}}