{"id":13099,"date":"2021-01-22T16:04:35","date_gmt":"2021-01-22T15:04:35","guid":{"rendered":"http:\/\/k1nytt.w.uib.no\/?p=13099"},"modified":"2021-01-22T16:04:35","modified_gmt":"2021-01-22T15:04:35","slug":"et-varsemester-med-hap-om-gradvis-normalisering","status":"publish","type":"post","link":"https:\/\/k1nytt.w.uib.no\/en\/2021\/01\/22\/et-varsemester-med-hap-om-gradvis-normalisering\/","title":{"rendered":"Et v\u00e5rsemester med h\u00e5p om gradvis normalisering"},"content":{"rendered":"<p><img loading=\"lazy\" decoding=\"async\" class=\"wp-image-9671 alignright\" src=\"http:\/\/k1nytt.w.uib.no\/files\/2019\/06\/Kjell-Morten-Myhr.jpg\" alt=\"\" width=\"182\" height=\"273\" \/>Kj\u00e6re alle,<\/p>\n<p>Vi er alt godt inne i det nye \u00e5ret med oppstart av v\u00e5rsemesteraktivitetene. P\u00e5 medisinerstudiet har det v\u00e6rt full fart med elektive kurs \u2013 og i neste m\u00e5ned starter v\u00e5rsemesterundervisningen for fullt. Ern\u00e6ringsstudentene var i gang allerede fra 4. januar. Samtidig har ansatte og studenter lagt ned en formidabel innsats i forberedelser til utsatt OSKE-6 eksamen som er planlagt til 2. februar.<\/p>\n<p><strong>Fortsatt digitale l\u00f8sninger<br \/>\n<\/strong>Forel\u00f8pig planlegges det for digital undervisning, som vi hatt hatt de siste to semestrene \u2013 men vi h\u00e5per alle p\u00e5 gradvis nedtrapping av smitteverntiltakene n\u00e5r \u00f8kende andel av befolkning blir fullvaksinert frem mot sommeren. Likeledes planlegges det for digitale PhD-disputaser helt frem til sommeren. Dette m\u00e5 vi informere om ved rekruttering av opponenter. I noen tilfeller ser det faktisk ut til at dette kan gj\u00f8re rekrutteringen lettere fordi selve disputasavviklingen blir mindre tidkrevende for opponentene. \u00abRutinem\u00f8tene\u00bb v\u00e5re er fortsatt i stor grad digitale \u2013 men vi h\u00e5per at vi i \u00f8kene grad kan gjennomf\u00f8re fysiske m\u00f8ter med treff av gode kolleger.<\/p>\n<p><strong>Fellesm\u00f8ter planlegges<br \/>\n<\/strong>Vi h\u00e5per at gradvis nedtrapping av smitteverntiltakene vil gj\u00f8re det mulig \u00e5 ha flere fellesm\u00f8ter utp\u00e5 v\u00e5ren. Vi planlegger derfor en <strong><em>\u00abfaculty lunch\u00bb<\/em><\/strong> for alle vitenskapelige ansatte 6. mai med forskerpresentasjoner, diskusjoner og uformell prat til en lunch. I tillegg planlegger vi sammen med K2 \u00e5 gjennomf\u00f8re <strong><em>felles undervisningsdag<\/em><\/strong> den 19. mai. Ved begge disse arrangementene er vi selvf\u00f8lgelig avhengig av at smittesituasjonen tillater at vi kan samles \u2013 og at bespisningen m\u00e5 tilpasses gjeldene forholdsregler.<\/p>\n<p><strong>Forskningen<br \/>\n<\/strong>En forventet gradvis nedtrapping av smitteverntiltakene utover v\u00e5ren vil ogs\u00e5 gi bedre vilk\u00e5r for forskningen. Inntrykket er likevel at laboratoriene v\u00e5re har v\u00e6rt dyktige i \u00e5 organisere systematisk smittevern \u2013 og at mye av forskningen derfor kan g\u00e5 n\u00e6rmest for fullt. Likeledes er sykehusdriften godt organisert med n\u00f8dvendige smittevern \u2013 slik at den kliniske, pasientn\u00e6re forskningen ogs\u00e5 opplever en gradvis normalisering.<\/p>\n<p><strong>Ny selvbetjeningsportal (personalportal) og nytt \u00f8konomisystem<br \/>\n<\/strong>UiB gikk 1. januar 2021 over til \u00e5 benytte DF\u00d8 (Direktoratet for forvaltning og \u00f8konomistyring) sine tjenester innen \u00f8konomi og l\u00f8nn. Innf\u00f8ringen har dessverre ikke g\u00e5tt helt etter planen og det har resultert i noen forsinkelser i personal- og \u00f8konomiarbeidet v\u00e5rt. Utbetaling av l\u00f8nn, utenom fastl\u00f8nn, vil ta lenger tid enn normalt. Overf\u00f8ring av ferie og fleksitid fra 2020 vil bli overf\u00f8rt i uke 4 og blir da synlig i selvbetjeningsportalen.<\/p>\n<p>Det har ogs\u00e5 v\u00e6rt mange sp\u00f8rsm\u00e5l om skattetrekk og hvordan det kan endres. Du kan selv endre det i selvbetjeningsportalen; velg \u00abl\u00f8nn\u00bb og \u00abekstra skattetrekk\u00bb. Brukerveiledning finner du her: <a href=\"https:\/\/dfo.no\/kundesider\/lonn\/selvbetjeningsportalen\/ekstra-skattetrekk\">https:\/\/dfo.no\/kundesider\/lonn\/selvbetjeningsportalen\/ekstra-skattetrekk<\/a><\/p>\n<p>Det er mye nytt \u00e5 sette seg inn i n\u00e5, men vi h\u00e5per du finner svar p\u00e5 sp\u00f8rsm\u00e5lene dine p\u00e5 oppl\u00e6ringssidene og hjelpesidene til UiB \u2013 se lenkene:<\/p>\n<ul>\n<li><a href=\"https:\/\/www.uib.no\/selvbetjeningsportalen\">Selvbetjeningsportalen<\/a><\/li>\n<li><a href=\"https:\/\/www.uib.no\/nb\/foransatte\/141301\/ofte-stilte-sp%C3%B8rsm%C3%A5l-om-selvbetjeningsportalen-og-appen\">Ofte stilte sp\u00f8rsm\u00e5l<\/a><\/li>\n<li><a href=\"https:\/\/www.uib.no\/foransatte\/140433\/oppl%C3%A6ring-l%C3%B8nn-og-personalsystem\">Oppl\u00e6ring: L\u00f8nn- og personalsystem<\/a><\/li>\n<li><a href=\"https:\/\/hjelp.uib.no\/\">UiBhjelp<\/a><\/li>\n<\/ul>\n<p>Du kan ogs\u00e5 kontakte personalkonsulent Hilde Bergheim Johannessen (<a href=\"mailto:Hilde.B.Johannessen@uib.no\">Hilde.B.Johannessen@uib.no<\/a>) eller Jorunn Skei (<a href=\"mailto:Jorunn.Skei@uib.no\">Jorunn.Skei@uib.no<\/a>).<\/p>\n<p>Vi \u00f8nsker hver og en av dere gode arbeidsuker mot en lysere \u00e5rstid og forventing til normalisering av hverdagen!<\/p>\n<p>Beste hilsen<br \/>\nJorunn &amp; Kjell-Morten<\/p>","protected":false},"excerpt":{"rendered":"<p>Kj\u00e6re alle, Vi er alt godt inne i det nye \u00e5ret med oppstart av v\u00e5rsemesteraktivitetene. P\u00e5 medisinerstudiet har det v\u00e6rt full fart med elektive kurs \u2013 og i neste m\u00e5ned starter v\u00e5rsemesterundervisningen for fullt. Ern\u00e6ringsstudentene var i gang allerede fra&hellip;<\/p>\n<p class=\"more-link-p\"><a class=\"more-link\" href=\"https:\/\/k1nytt.w.uib.no\/en\/2021\/01\/22\/et-varsemester-med-hap-om-gradvis-normalisering\/\">Read more &rarr;<\/a><\/p>","protected":false},"author":4403,"featured_media":0,"comment_status":"open","ping_status":"open","sticky":false,"template":"","format":"standard","meta":{"footnotes":""},"categories":[73738],"tags":[],"class_list":["post-13099","post","type-post","status-publish","format-standard","hentry","category-leder"],"_links":{"self":[{"href":"https:\/\/k1nytt.w.uib.no\/en\/wp-json\/wp\/v2\/posts\/13099","targetHints":{"allow":["GET"]}}],"collection":[{"href":"https:\/\/k1nytt.w.uib.no\/en\/wp-json\/wp\/v2\/posts"}],"about":[{"href":"https:\/\/k1nytt.w.uib.no\/en\/wp-json\/wp\/v2\/types\/post"}],"author":[{"embeddable":true,"href":"https:\/\/k1nytt.w.uib.no\/en\/wp-json\/wp\/v2\/users\/4403"}],"replies":[{"embeddable":true,"href":"https:\/\/k1nytt.w.uib.no\/en\/wp-json\/wp\/v2\/comments?post=13099"}],"version-history":[{"count":1,"href":"https:\/\/k1nytt.w.uib.no\/en\/wp-json\/wp\/v2\/posts\/13099\/revisions"}],"predecessor-version":[{"id":13100,"href":"https:\/\/k1nytt.w.uib.no\/en\/wp-json\/wp\/v2\/posts\/13099\/revisions\/13100"}],"wp:attachment":[{"href":"https:\/\/k1nytt.w.uib.no\/en\/wp-json\/wp\/v2\/media?parent=13099"}],"wp:term":[{"taxonomy":"category","embeddable":true,"href":"https:\/\/k1nytt.w.uib.no\/en\/wp-json\/wp\/v2\/categories?post=13099"},{"taxonomy":"post_tag","embeddable":true,"href":"https:\/\/k1nytt.w.uib.no\/en\/wp-json\/wp\/v2\/tags?post=13099"}],"curies":[{"name":"wp","href":"https:\/\/api.w.org\/{rel}","templated":true}]}}