{"id":13412,"date":"2021-03-19T17:22:29","date_gmt":"2021-03-19T16:22:29","guid":{"rendered":"https:\/\/k1nytt.w.uib.no\/?p=13412"},"modified":"2021-03-19T17:22:29","modified_gmt":"2021-03-19T16:22:29","slug":"gode-kolleger","status":"publish","type":"post","link":"https:\/\/k1nytt.w.uib.no\/en\/2021\/03\/19\/gode-kolleger\/","title":{"rendered":"Gode kolleger!"},"content":{"rendered":"<p><img loading=\"lazy\" decoding=\"async\" class=\"size-full wp-image-12445 alignright\" src=\"http:\/\/k1nytt.w.uib.no\/files\/2020\/09\/ketil_oedegaard.png\" alt=\"\" width=\"196\" height=\"257\" \/>Ved K1 er det sv\u00e6rt mange forskningsgrupper, over 30, og det har v\u00e6rt et m\u00e5l for ledelsen \u00e5 \u00f8ke den gjensidige kunnskapen om forskningen som p\u00e5g\u00e5r ved instituttet. For \u00e5 oppn\u00e5 dette har vi denne v\u00e5ren innf\u00f8rt et nytt innslag p\u00e5 instituttm\u00f8tene (en torsdag i m\u00e5neden fra kl. 14-16) der alle seksjonslederne og fagomr\u00e5delederne er til stede. M\u00f8tet er n\u00e5 utvidet med en halv time og starter med to forskergruppe-presentasjoner p\u00e5 ca. 15 minutter.<\/p>\n<p><strong>Forskergruppepresentasjoner<br \/>\n<\/strong>P\u00e5 det f\u00f8rste m\u00f8tet 14. januar hadde vi presentasjoner ved Jutta Dierkes p\u00e5 vegne av Forskningsgruppen for ern\u00e6ring og Eivind Inderhaug fra Forskningsgruppen Artroskopi og Idrettstraumatologi (FAIT). P\u00e5 m\u00f8tet 4. februar fikk vi en oppdatering fra \u00d8yvind Thomassen om Fjellmedisinsk Forskergruppe og Odd Helge Gilja om Forskergruppen for gastroenterologisk ultrasonografi. P\u00e5 det siste m\u00f8tet 11. mars holdt Cecilie Bredrup et innlegg om Forskergruppen for \u00f8ye-genetikk, mens Nils Erik Gilhus ga oss en oversikt over mange \u00e5r med aktivitet i Forskergruppen for Myastenia Gravis. P\u00e5 neste m\u00f8te 6. april er det forel\u00f8pig satt opp p\u00e5 programmet at Ingfrid Haldorsen skal presentere fra Bergen Abdominal Imaging Research Group.<\/p>\n<p>Erfaringene med disse forskergruppe-presentasjonene s\u00e5 langt har v\u00e6rt sv\u00e6rt positive. Ikke bare f\u00e5r alle m\u00f8tedeltagerne vite mer om hva som foreg\u00e5r av omfattende og imponerende forskning ved K1, men dette m\u00f8tepunktet har ogs\u00e5 v\u00e6rt nyttig ved at vi ogs\u00e5 har f\u00e5tt vite mer om hvilke planer som foreligger for fremtidig aktivitet og nye s\u00f8knader om eksterne forskningsmidler. Det skal i denne sammenhengen ogs\u00e5 nevnes at K1 sine forsknings- og innovasjonsr\u00e5dgivere deltar i dette m\u00f8tet slik at det ogs\u00e5 er mulig \u00e5 initiere kontakt og s\u00e5 spirene til eventuelle nye s\u00f8knader og innovasjonsmuligheter.<\/p>\n<p><strong>Bli med p\u00e5 forskergruppepresentasjonene!<br \/>\n<\/strong>Etter de initiale gode erfaringene med \u00e5 ha forskergruppepresentasjoner p\u00e5 K1 sine instituttm\u00f8ter har vi kommet frem til at dette er informasjon som vil kunne v\u00e6re til nytte for alle vitenskapelig ansatte p\u00e5 K1. Det foreligger derfor n\u00e5 planer om \u00e5 s\u00f8rge for at det skal bli mulig for alle \u00e5 f\u00f8lge disse presentasjonene i fremtiden digitalt. I tillegg vil vi legge ut presentasjonene p\u00e5 K1 sin hjemmeside slik at man ogs\u00e5 kan f\u00e5 med seg hva som foreg\u00e5r av spennende forskning hos andre kolleger ved K1, selv om man ikke har anledning til \u00e5 delta live. Vi h\u00e5per at dette skal kunne bidra til \u00e5 senke terskelen for kontakt p\u00e5 tvers av forskningsgrupper, og at dette kan f\u00e5 nyttige synergieffekter p\u00e5 tvers av sykdomskategorier og vitenskapelige metoder. Hvis vi fortsetter med to presentasjoner p\u00e5 hvert instituttm\u00f8te h\u00e5per vi at vi i l\u00f8pet av 1-2 \u00e5r skal komme oss gjennom alle aktive forskningsgrupper, og da er det sikkert p\u00e5 tide \u00e5 begynne forfra igjen, slik at dette, forh\u00e5pentligvis, kan bli en vedvarende levende dialog mellom forskerne ved K1.<\/p>\n<p>Riktig god p\u00e5ske,<\/p>\n<p>Vennlig hilsen<br \/>\nKetil J. \u00d8degaard<br \/>\nProfessor i psykiatri<br \/>\nForskningsleder K1<\/p>","protected":false},"excerpt":{"rendered":"<p>Ved K1 er det sv\u00e6rt mange forskningsgrupper, over 30, og det har v\u00e6rt et m\u00e5l for ledelsen \u00e5 \u00f8ke den gjensidige kunnskapen om forskningen som p\u00e5g\u00e5r ved instituttet. For \u00e5 oppn\u00e5 dette har vi denne v\u00e5ren innf\u00f8rt et nytt innslag&hellip;<\/p>\n<p class=\"more-link-p\"><a class=\"more-link\" href=\"https:\/\/k1nytt.w.uib.no\/en\/2021\/03\/19\/gode-kolleger\/\">Read more &rarr;<\/a><\/p>","protected":false},"author":4403,"featured_media":0,"comment_status":"open","ping_status":"open","sticky":false,"template":"","format":"standard","meta":{"footnotes":""},"categories":[73738],"tags":[],"class_list":["post-13412","post","type-post","status-publish","format-standard","hentry","category-leder"],"_links":{"self":[{"href":"https:\/\/k1nytt.w.uib.no\/en\/wp-json\/wp\/v2\/posts\/13412","targetHints":{"allow":["GET"]}}],"collection":[{"href":"https:\/\/k1nytt.w.uib.no\/en\/wp-json\/wp\/v2\/posts"}],"about":[{"href":"https:\/\/k1nytt.w.uib.no\/en\/wp-json\/wp\/v2\/types\/post"}],"author":[{"embeddable":true,"href":"https:\/\/k1nytt.w.uib.no\/en\/wp-json\/wp\/v2\/users\/4403"}],"replies":[{"embeddable":true,"href":"https:\/\/k1nytt.w.uib.no\/en\/wp-json\/wp\/v2\/comments?post=13412"}],"version-history":[{"count":4,"href":"https:\/\/k1nytt.w.uib.no\/en\/wp-json\/wp\/v2\/posts\/13412\/revisions"}],"predecessor-version":[{"id":13416,"href":"https:\/\/k1nytt.w.uib.no\/en\/wp-json\/wp\/v2\/posts\/13412\/revisions\/13416"}],"wp:attachment":[{"href":"https:\/\/k1nytt.w.uib.no\/en\/wp-json\/wp\/v2\/media?parent=13412"}],"wp:term":[{"taxonomy":"category","embeddable":true,"href":"https:\/\/k1nytt.w.uib.no\/en\/wp-json\/wp\/v2\/categories?post=13412"},{"taxonomy":"post_tag","embeddable":true,"href":"https:\/\/k1nytt.w.uib.no\/en\/wp-json\/wp\/v2\/tags?post=13412"}],"curies":[{"name":"wp","href":"https:\/\/api.w.org\/{rel}","templated":true}]}}