{"id":13890,"date":"2021-08-20T16:36:44","date_gmt":"2021-08-20T14:36:44","guid":{"rendered":"https:\/\/k1nytt.w.uib.no\/?p=13890"},"modified":"2021-08-20T16:36:04","modified_gmt":"2021-08-20T14:36:04","slug":"filosofisk-poliklinikk-program-hosten-2021","status":"publish","type":"post","link":"https:\/\/k1nytt.w.uib.no\/en\/2021\/08\/20\/filosofisk-poliklinikk-program-hosten-2021\/","title":{"rendered":"Filosofisk poliklinikk &#8211; program h\u00f8sten 2021"},"content":{"rendered":"<p>Programmet for h\u00f8sten 2021: &laquo;Religi\u00f8sitet, spiritualitet og moderne medisinske praksiser&raquo;<\/p>\n<p>Moderne medisin har dype r\u00f8tter i \u00e5ndshistorien. \u00abHelse\u00bb og \u00abhellig\u00bb kommer begge fra ordet \u00abheill\u00bb, som betyr helhet. I v\u00e5r tid trekker mange p\u00e5 skuldrene av religion, men til gjengjeld knyttes det h\u00e5p, tro og lengsel til sykehus, medikamenter og helsepersonells innsats. Kan \u00abdet \u00e5ndelige\u00bb forsvinne i teknologien eller finner det nye former og symboler i vitenskapens og helsevesenets hellige haller?<\/p>\n<p>Filosofisk Poliklinikk vil gjennom denne m\u00f8teserien unders\u00f8ke forholdet mellom menneskers \u00e5ndelige og religi\u00f8se lengsler p\u00e5 den ene siden, og forst\u00e5elsen av helse, sunnhet og medisinens oppgaver p\u00e5 den andre. Vi er nysgjerrige p\u00e5 hva slags mellommenneskelig praksis medisinen var i sitt opphav og hvilke religi\u00f8se og filosofiske tradisjoner faget bygger p\u00e5 i dag. Hva slags kulturell rolle er legerollen? Hvordan har begrepene lidelse, h\u00e5p og mening utviklet seg gjennom \u00e5rhundrene, gjennom naturvitenskapens revolusjoner? Hvordan ivaretar v\u00e5r tids medisin menneskenes lengsel etter h\u00e5p og mening \u2013 egentlig? Vi ser utover: hvordan har ulike tradisjoner rommet menneskelig s\u00e5rbarhet, smerte og d\u00f8d? Hva kan vi l\u00e6re av andre kulturers erkjennelser? Hva er b\u00f8nn og meditasjon \u2013 og mindfulness? Hvilke funksjoner har spirituelle ritualer hatt i menneskers liv og hvordan dekkes disse behovene i sekul\u00e6re samfunn? Blant sp\u00f8rsm\u00e5l vi undrer oss over, er ogs\u00e5 dette: Burde det skapes st\u00f8rre rom for \u00e5ndelighet i helsevesenet, hvor mennesker s\u00f8ker hjelp i sin ytterste n\u00f8d? Og hva skulle i s\u00e5 fall det inneb\u00e6re?<\/p>\n<p><strong>Her er<\/strong> <strong><a href=\"https:\/\/filosofiskpoliklinikk.no\/01-09-2021\/\">detaljer om h\u00f8stens fire m\u00f8ter<\/a>.<\/strong><\/p>\n<p><strong>BILLETT \u2013 <a href=\"https:\/\/litthus.ticketco.events\/no\/nb\/e\/filosofisk_poliklinikk_medisin_mening_og_menneskesyn__en_eksistensiell_refleksjon\">KLIKK HER<\/a><\/strong><\/p>\n<p><strong>Facebook<\/strong><strong>: <a href=\"https:\/\/www.facebook.com\/events\/862125867993867\">https:\/\/www.facebook.com\/events\/862125867993867<\/a> <\/strong><\/p>\n<p><strong>F\u00f8rste m\u00f8te &#8211; p\u00e5 Litteraturhuset 1.9.2021:<\/strong><\/p>\n<p><img loading=\"lazy\" decoding=\"async\" class=\"alignleft size-full wp-image-13891\" src=\"http:\/\/k1nytt.w.uib.no\/files\/2021\/08\/Filosofisk-poliklinikk-scaled.jpg\" alt=\"\" width=\"2560\" height=\"1440\" srcset=\"https:\/\/k1nytt.w.uib.no\/files\/2021\/08\/Filosofisk-poliklinikk-scaled.jpg 2560w, https:\/\/k1nytt.w.uib.no\/files\/2021\/08\/Filosofisk-poliklinikk-300x169.jpg 300w, https:\/\/k1nytt.w.uib.no\/files\/2021\/08\/Filosofisk-poliklinikk-1024x576.jpg 1024w, https:\/\/k1nytt.w.uib.no\/files\/2021\/08\/Filosofisk-poliklinikk-768x432.jpg 768w, https:\/\/k1nytt.w.uib.no\/files\/2021\/08\/Filosofisk-poliklinikk-1536x864.jpg 1536w, https:\/\/k1nytt.w.uib.no\/files\/2021\/08\/Filosofisk-poliklinikk-2048x1152.jpg 2048w\" sizes=\"auto, (max-width: 2560px) 100vw, 2560px\" \/><\/p>\n<p><strong>Velkommen til tenkning og dialog i en nesten-covidfri-h\u00f8st! <\/strong><\/p>\n<p>Hilsen Edvin Schei<br \/>\nLeder<br \/>\nFilosofisk Poliklinikk<\/p>","protected":false},"excerpt":{"rendered":"<p>Programmet for h\u00f8sten 2021: &laquo;Religi\u00f8sitet, spiritualitet og moderne medisinske praksiser&raquo; Moderne medisin har dype r\u00f8tter i \u00e5ndshistorien. \u00abHelse\u00bb og \u00abhellig\u00bb kommer begge fra ordet \u00abheill\u00bb, som betyr helhet. I v\u00e5r tid trekker mange p\u00e5 skuldrene av religion, men til gjengjeld&hellip;<\/p>\n<p class=\"more-link-p\"><a class=\"more-link\" href=\"https:\/\/k1nytt.w.uib.no\/en\/2021\/08\/20\/filosofisk-poliklinikk-program-hosten-2021\/\">Read more &rarr;<\/a><\/p>","protected":false},"author":4403,"featured_media":0,"comment_status":"open","ping_status":"open","sticky":false,"template":"","format":"standard","meta":{"footnotes":""},"categories":[79419],"tags":[],"class_list":["post-13890","post","type-post","status-publish","format-standard","hentry","category-velferd"],"_links":{"self":[{"href":"https:\/\/k1nytt.w.uib.no\/en\/wp-json\/wp\/v2\/posts\/13890","targetHints":{"allow":["GET"]}}],"collection":[{"href":"https:\/\/k1nytt.w.uib.no\/en\/wp-json\/wp\/v2\/posts"}],"about":[{"href":"https:\/\/k1nytt.w.uib.no\/en\/wp-json\/wp\/v2\/types\/post"}],"author":[{"embeddable":true,"href":"https:\/\/k1nytt.w.uib.no\/en\/wp-json\/wp\/v2\/users\/4403"}],"replies":[{"embeddable":true,"href":"https:\/\/k1nytt.w.uib.no\/en\/wp-json\/wp\/v2\/comments?post=13890"}],"version-history":[{"count":2,"href":"https:\/\/k1nytt.w.uib.no\/en\/wp-json\/wp\/v2\/posts\/13890\/revisions"}],"predecessor-version":[{"id":13893,"href":"https:\/\/k1nytt.w.uib.no\/en\/wp-json\/wp\/v2\/posts\/13890\/revisions\/13893"}],"wp:attachment":[{"href":"https:\/\/k1nytt.w.uib.no\/en\/wp-json\/wp\/v2\/media?parent=13890"}],"wp:term":[{"taxonomy":"category","embeddable":true,"href":"https:\/\/k1nytt.w.uib.no\/en\/wp-json\/wp\/v2\/categories?post=13890"},{"taxonomy":"post_tag","embeddable":true,"href":"https:\/\/k1nytt.w.uib.no\/en\/wp-json\/wp\/v2\/tags?post=13890"}],"curies":[{"name":"wp","href":"https:\/\/api.w.org\/{rel}","templated":true}]}}