{"id":14385,"date":"2021-11-29T12:49:17","date_gmt":"2021-11-29T11:49:17","guid":{"rendered":"https:\/\/k1nytt.w.uib.no\/?p=14385"},"modified":"2021-11-29T12:50:43","modified_gmt":"2021-11-29T11:50:43","slug":"trond-mohn-stiftelse-arsmarkering-3-desember","status":"publish","type":"post","link":"https:\/\/k1nytt.w.uib.no\/en\/2021\/11\/29\/trond-mohn-stiftelse-arsmarkering-3-desember\/","title":{"rendered":"Trond Mohn stiftelse &#8211; \u00e5rsmarkering 3. desember"},"content":{"rendered":"<h3><strong>Feirer\u00a0samarbeidet med UiB og HUS<\/strong><\/h3>\n<p>Trond Mohn stiftelse inviterer til \u00e5rsmarkering i\u00a0<a href=\"https:\/\/mohnfoundation.us3.list-manage.com\/track\/click?u=91076f82b402a0a24d79e85a9&amp;id=161e1955af&amp;e=3f2cd6c765\">Universitetsaulaen<\/a>\u00a0<strong>fredag 3. desember 2021 kl. 13:00\u201315:00<\/strong><\/p>\n<p>Det blir, tradisjonen tro, markering av \u00e5rets tildelinger i programmet\u00a0<a href=\"https:\/\/mohnfoundation.us3.list-manage.com\/track\/click?u=91076f82b402a0a24d79e85a9&amp;id=941500584e&amp;e=3f2cd6c765\">TMS Starting Grants<\/a>. Universitetet i Bergen og Trond Mohn stiftelse samarbeider gjennom dette programmet om \u00e5 rekruttere unge internasjonalt anerkjente forskere til Universitetet i Bergen.<\/p>\n<p>Stiftelsen har i \u00e5r valgt \u00e5 l\u00f8fte fram\u00a0<a href=\"https:\/\/mohnfoundation.us3.list-manage.com\/track\/click?u=91076f82b402a0a24d79e85a9&amp;id=83706a28ae&amp;e=3f2cd6c765\">Bergen Senter for Etikk og Prioriteringer<\/a>\u00a0som har f\u00f8lgende tre konkrete m\u00e5lsetninger for sitt arbeid: bedre helse, redusert ulikhet og mindre fattigdom.\u00a0 Viktigheten av gode helseprioriteringer er \u00e5penbar n\u00e5r det er knapphet p\u00e5 ressurser, men ogs\u00e5 befolkningen i Norge har de siste \u00e5r kjent p\u00e5 det \u00e5 st\u00e5 utenfor de prioriterte grupper i forbindelse med COVID19-pandemien.\u00a0 Trond Viggo Torgersen vil lede programinnslaget der vi ogs\u00e5 f\u00e5r h\u00f8re beslutningstakeres erfaringer.<\/p>\n<div id=\"attachment_14388\" style=\"width: 235px\" class=\"wp-caption alignleft\"><img loading=\"lazy\" decoding=\"async\" aria-describedby=\"caption-attachment-14388\" class=\"wp-image-14388\" src=\"http:\/\/k1nytt.w.uib.no\/files\/2021\/11\/norheim.jpg\" alt=\"\" width=\"225\" height=\"150\" \/><p id=\"caption-attachment-14388\" class=\"wp-caption-text\">Professor Ole Frithjof Norheim Foto: Kim E. Andreassen, UiB<\/p><\/div>\n<div id=\"attachment_14389\" style=\"width: 159px\" class=\"wp-caption alignleft\"><img loading=\"lazy\" decoding=\"async\" aria-describedby=\"caption-attachment-14389\" class=\"wp-image-14389\" src=\"http:\/\/k1nytt.w.uib.no\/files\/2021\/11\/torgersen.jpg\" alt=\"\" width=\"149\" height=\"150\" \/><p id=\"caption-attachment-14389\" class=\"wp-caption-text\">Trond Viggo Torgersen Foto: Bjarne Thune<\/p><\/div>\n<p>&nbsp;<\/p>\n<p>&nbsp;<\/p>\n<p>&nbsp;<\/p>\n<p>&nbsp;<\/p>\n<p>&nbsp;<\/p>\n<p><strong>PROGRAM<\/strong><\/p>\n<p><strong>13:00 <\/strong>Velkommen, kulturinnslag og introduksjon<\/p>\n<p><strong>13:20 <\/strong>Presentasjon av Bergen Senter for Etikk og Prioriteringer<br \/>\nSamtaler og innslag om temaene Etikk og Helseprioriteringer og forskningsst\u00f8tte. Samtalene ledes av Trond Viggo Torgersen.<br \/>\nGjester: professor Ole F. Norheim, professor Ingrid Miljeteig, professor Kjell Arne Johansson, stipendiat Omar Mwalim.<br \/>\nSamtale med erfarne beslutningstakere bl.a. Helsebyr\u00e5d Beate Husa<\/p>\n<p><strong>14:15 <\/strong>Kulturinnslag ved Sirenene \u2013 UiBs studinekor<br \/>\n<strong><br \/>\n14:25 <\/strong>Utdeling av TMS Starting Grants 2021 \u2013 OG fjor\u00e5rets vinnere (\u00e5rsmarkeringen ble avlyst i 2020 pga pandemien)<br \/>\n<strong><br \/>\n14:40 <\/strong>Avslutning<\/p>\n<p>Minglemat<\/p>\n<h3><strong>Arrangementet er \u00e5pent for alle \u2013 velkommen!<\/strong><\/h3>","protected":false},"excerpt":{"rendered":"<p>Feirer\u00a0samarbeidet med UiB og HUS Trond Mohn stiftelse inviterer til \u00e5rsmarkering i\u00a0Universitetsaulaen\u00a0fredag 3. desember 2021 kl. 13:00\u201315:00 Det blir, tradisjonen tro, markering av \u00e5rets tildelinger i programmet\u00a0TMS Starting Grants. Universitetet i Bergen og Trond Mohn stiftelse samarbeider gjennom dette programmet&hellip;<\/p>\n<p class=\"more-link-p\"><a class=\"more-link\" href=\"https:\/\/k1nytt.w.uib.no\/en\/2021\/11\/29\/trond-mohn-stiftelse-arsmarkering-3-desember\/\">Read more &rarr;<\/a><\/p>","protected":false},"author":4535,"featured_media":0,"comment_status":"open","ping_status":"open","sticky":false,"template":"","format":"standard","meta":{"footnotes":""},"categories":[90960],"tags":[],"class_list":["post-14385","post","type-post","status-publish","format-standard","hentry","category-seminarer-og-konferanser"],"_links":{"self":[{"href":"https:\/\/k1nytt.w.uib.no\/en\/wp-json\/wp\/v2\/posts\/14385","targetHints":{"allow":["GET"]}}],"collection":[{"href":"https:\/\/k1nytt.w.uib.no\/en\/wp-json\/wp\/v2\/posts"}],"about":[{"href":"https:\/\/k1nytt.w.uib.no\/en\/wp-json\/wp\/v2\/types\/post"}],"author":[{"embeddable":true,"href":"https:\/\/k1nytt.w.uib.no\/en\/wp-json\/wp\/v2\/users\/4535"}],"replies":[{"embeddable":true,"href":"https:\/\/k1nytt.w.uib.no\/en\/wp-json\/wp\/v2\/comments?post=14385"}],"version-history":[{"count":8,"href":"https:\/\/k1nytt.w.uib.no\/en\/wp-json\/wp\/v2\/posts\/14385\/revisions"}],"predecessor-version":[{"id":14403,"href":"https:\/\/k1nytt.w.uib.no\/en\/wp-json\/wp\/v2\/posts\/14385\/revisions\/14403"}],"wp:attachment":[{"href":"https:\/\/k1nytt.w.uib.no\/en\/wp-json\/wp\/v2\/media?parent=14385"}],"wp:term":[{"taxonomy":"category","embeddable":true,"href":"https:\/\/k1nytt.w.uib.no\/en\/wp-json\/wp\/v2\/categories?post=14385"},{"taxonomy":"post_tag","embeddable":true,"href":"https:\/\/k1nytt.w.uib.no\/en\/wp-json\/wp\/v2\/tags?post=14385"}],"curies":[{"name":"wp","href":"https:\/\/api.w.org\/{rel}","templated":true}]}}