{"id":16340,"date":"2022-12-02T14:04:31","date_gmt":"2022-12-02T13:04:31","guid":{"rendered":"https:\/\/k1nytt.w.uib.no\/?p=16340"},"modified":"2022-12-02T14:05:43","modified_gmt":"2022-12-02T13:05:43","slug":"ph-d-hjornet-100","status":"publish","type":"post","link":"https:\/\/k1nytt.w.uib.no\/en\/2022\/12\/02\/ph-d-hjornet-100\/","title":{"rendered":"Ph.d.-hj\u00f8rnet"},"content":{"rendered":"<h5><strong>Nye doktorgrader<\/strong><\/h5>\n<p>&nbsp;<\/p>\n<p><img loading=\"lazy\" decoding=\"async\" class=\"wp-image-16341 alignleft\" src=\"http:\/\/k1nytt.w.uib.no\/files\/2022\/11\/Jan-Erik-Berge-landscape-bilde.jpg\" alt=\"\" width=\"150\" height=\"114\" srcset=\"https:\/\/k1nytt.w.uib.no\/files\/2022\/11\/Jan-Erik-Berge-landscape-bilde.jpg 1260w, https:\/\/k1nytt.w.uib.no\/files\/2022\/11\/Jan-Erik-Berge-landscape-bilde-300x225.jpg 300w, https:\/\/k1nytt.w.uib.no\/files\/2022\/11\/Jan-Erik-Berge-landscape-bilde-1024x770.jpg 1024w, https:\/\/k1nytt.w.uib.no\/files\/2022\/11\/Jan-Erik-Berge-landscape-bilde-768x577.jpg 768w\" sizes=\"auto, (max-width: 150px) 100vw, 150px\" \/><\/p>\n<p>Jan Erik Berge disputerte den 18. november 2022 med avhandlingen \u00ab<a href=\"https:\/\/www.uib.no\/nye-doktorgrader\/157759\/tidligere-d%C3%B8d-ved-d%C3%A5rlig-balanse\" target=\"_blank\" rel=\"noopener\">Vestibular symptoms and relations with postural balance, inner ear function, and long term survival<\/a>\u00bb.<\/p>\n<p>Vi gratulerer med gjennomf\u00f8rt disputas!<\/p>\n<h5><\/h5>\n<p>&nbsp;<\/p>\n<p><img loading=\"lazy\" decoding=\"async\" class=\"wp-image-16342 alignleft\" src=\"http:\/\/k1nytt.w.uib.no\/files\/2022\/11\/Pressemelding-SMZahl.jpg\" alt=\"\" width=\"150\" height=\"197\" \/><\/p>\n<p>Sverre Morten Zahl disputerte den 25. november 2022 med avhandlingen \u00ab<a href=\"https:\/\/www.uib.no\/nye-doktorgrader\/157936\/ekstern-hydrocefalus-hos-spedbarn\" target=\"_blank\" rel=\"noopener\">Infantile external hydrocephalus &#8211; Infantile external hydrocephalus &#8211; Epidemiological, radiological, clinical, cognitive, and social aspects<\/a>\u00bb.<\/p>\n<p>Vi gratulerer med gjennomf\u00f8rt disputas!<\/p>\n<p>&nbsp;<\/p>\n<p>&nbsp;<\/p>\n<h5><strong>Kommende disputaser<\/strong><\/h5>\n<p><strong><br \/>\nBirger Lindtj\u00f8rn<br \/>\n<\/strong><em><br \/>\nHovedveileder: ph.d. Vegard Asgeir Forsaa<\/em><br \/>\n<em>Medveileder: professor J\u00f8rgen Krohn<br \/>\n<\/em><\/p>\n<p><strong>Pr\u00f8veforelesning: Torsdag 8. desember 2022 kl. 09.15<br \/>\n<\/strong>Sted: Stor Aula, Stavanger Universitetssjukehus, Gerd-Ragna Bloch Thorsens gate 8<\/p>\n<p>Oppgitt emne: &laquo;The morphology and function of the retina &#8211; new possibilities with novel diagnostic tools&raquo;<\/p>\n<p><strong>Disputas: Torsdag 8. desember 2022 kl. 11.00<br \/>\n<\/strong>Sted: Stor Aula, Stavanger Universitetssjukehus, Gerd-Ragna Bloch Thorsens gate 8<\/p>\n<p>Avhandlingens tittel: &laquo;Macular hole-surgical treatment, epidemiology and risk of bilateral disease&raquo;<\/p>\n<p>1. opponent: professor Fredrik Ghosh, Lunds universitet, Sverige<br \/>\n2. opponent: f\u00f8rsteamanuensis Tora Sund Morken, NTNU<br \/>\n3. medlem av komiteen: professor Elisabeth Farbu, Universitetet i Bergen<\/p>\n<p>Disputasen blir ledet av professor emeritus Jon Arne S\u00f8reide<\/p>\n<p>\u00c5pent for alle interesserte<\/p>\n<p>&nbsp;<\/p>\n<p><strong>Alok Bhan<br \/>\n<\/strong><em><br \/>\nHovedveileder: professor Elisabeth Farbu<\/em><br \/>\n<em>Medveiledere: professor Guido Alves og professor Kjell-Morten Myhr<br \/>\n<\/em><\/p>\n<p><strong>Pr\u00f8veforelesning: Fredag 9. desember 2022 kl. 09.15<br \/>\n<\/strong>Sted: Stor Aula, Stavanger Universitetssjukehus, Gerd-Ragna Bloch Thorsens gate 8<\/p>\n<p>Oppgitt emne: &laquo;Kan effektiv MS behandling v\u00e6re uheldig i en pandemi? Hvordan sikre at det \u00e5 bremse sykdommen ikke baner vei for annen livstruende sykdom eller langtidsskader, eksemplifisert ved corona?&raquo;<\/p>\n<p><strong>Disputas: Fredag 9. desember 2022 kl. 11.00<br \/>\n<\/strong>Sted: Stor Aula, Stavanger Universitetssjukehus, Gerd-Ragna Bloch Thorsens gate 8<\/p>\n<p>Avhandlingens tittel: &laquo;Neurofilament Light-Chain as a Biomarker in Multiple Sclerosis: A Ten-Year Follow-up Study&raquo;<\/p>\n<p>1. opponent: professor Jana Midelfart-Hoff, VID vitenskapelige h\u00f8yskole<br \/>\n2. opponent: f\u00f8rsteamanuensis Cato Brede, Universitetet i Stavanger<br \/>\n3. medlem av komiteen: f\u00f8rsteamanuensis Melissa Weibell, Universitetet i Bergen<\/p>\n<p>Disputasen blir ledet av professor emeritus Stein Tore Nilsen<\/p>\n<p>\u00c5pent for alle interesserte<\/p>\n<p>&nbsp;<\/p>\n<p><strong>Cecilie Askeland<br \/>\n<\/strong><em><br \/>\nHovedveileder: professor Lars A. Akslen<\/em><br \/>\n<em>Medveiledere: f\u00f8rsteamanuensis Elisabeth Wik og professor Ingunn Stefansson<br \/>\n<\/em><\/p>\n<p><strong>Pr\u00f8veforelesning: Fredag 9. desember 2022 kl. 10.15<br \/>\n<\/strong>Sted: Auditorium 4, BB-Bygget, Jonas Lies vei 91<\/p>\n<p>Oppgitt emne: &laquo;Targeting the PI3K pathway in cancer&raquo;<\/p>\n<p><strong>Disputas: Fredag 9. desember 2022 kl. 12.15<br \/>\n<\/strong>Sted: Auditorium 4, BB-Bygget, Jonas Lies vei 91<\/p>\n<p>Avhandlingens tittel: &laquo;Biomarkers of aggressive breast cancer with emphasis on tumor-stroma crosstalk&raquo;<\/p>\n<p>1. opponent: professor Karin Jirstr\u00f6m, Lunds universitet, Sverige<br \/>\n2. opponent: professor Ben Davidson, Universitetet i Oslo<br \/>\n3. medlem av komiteen: professor Helge Wiig, Universitetet i Bergen<\/p>\n<p>Disputasen blir ledet av f\u00f8rsteamanuensis Lars Helgeland<\/p>\n<p>\u00c5pent for alle interesserte<\/p>\n<p>&nbsp;<\/p>\n<p><strong>Beenish Nawaz<br \/>\n<\/strong><em><br \/>\nHovedveileder: professor Ulrike Waje-Andreassen<\/em><br \/>\n<em>Medveiledere: ph.d. Annette Fromm og professor Halvor N\u00e6ss<br \/>\n<\/em><\/p>\n<p><strong>Pr\u00f8veforelesning: Fredag 9. desember 2022 kl. 10.15<br \/>\n<\/strong>Sted: Olavsalen, Gamle hovedbygg, Jonas Lies vei 71<\/p>\n<p>Oppgitt emne: &laquo;The Clinical approach to acute ischemic stroke in Young Adults&raquo;<\/p>\n<p><strong>Disputas: Fredag 9. desember 2022 kl. 12.15<br \/>\n<\/strong>Sted: Olavsalen, Gamle hovedbygg, Jonas Lies vei 71<\/p>\n<p>Avhandlingens tittel: &laquo;Arterial ischaemic stroke from 2010-2015: Incidence, risk factors, atherosclerosis and 5-year outcome. The Norwegian Stroke in the Young Study, a three-generation research program&raquo;<\/p>\n<p>1. opponent: professor Manfred Kaps, Lunds universitet, Sverige<br \/>\n2. opponent: ph.d. Karolina Ryeng Skagen, Oslo universitetssykehus Rikshospitalet<br \/>\n3. medlem av komiteen: professor \u00d8ivind Torkildsen, Universitetet i Bergen<\/p>\n<p>Disputasen blir ledet av professor emeritus Nils Erik Gilhus<\/p>\n<p>\u00c5pent for alle interesserte<\/p>\n<p>&nbsp;<\/p>\n<p><strong>Anne Gro Heyn Faleide<br \/>\n<\/strong><em><br \/>\nHovedveileder: f\u00f8rsteamanuensis Eivind Inderhaug<\/em><br \/>\n<em>Medveiledere: professor Liv Heide Magnussen, overlege Torbj\u00f8rn Strand og f\u00f8rsteamanuensis B\u00e5rd Bogen<br \/>\n<\/em><\/p>\n<p><strong>Pr\u00f8veforelesning: Fredag 16. desember 2022 kl. 10.15<br \/>\n<\/strong>Sted: Auditorium SMU, Haraldsplass, Ulriksdal 8<\/p>\n<p>Oppgitt emne: &laquo;Diagnosis and management of patellofemoral pain. Evidence and clinical practice&raquo;<\/p>\n<p><strong>Disputas: Fredag 16. desember 2022 kl. 12.15<br \/>\n<\/strong>Sted: Auditorium SMU, Haraldsplass, Ulriksdal 8<\/p>\n<p>Avhandlingens tittel: &laquo;\u201cIt\u2019s all in my head now\u201d &#8211; Readiness for return to sport after anterior cruciate ligament reconstruction&raquo;<\/p>\n<p>1. opponent: f\u00f8rsteamanuensis Per-Henrik Randsborg, Universitetet i Oslo<br \/>\n2. opponent: ph.d. Nicky van Melick, Anna Hospital Geldrop, Nederland<br \/>\n3. medlem av komiteen: f\u00f8rsteamanuensis Trude Gundersen, Universitetet i Bergen<\/p>\n<p>Disputasen blir ledet av f\u00f8rsteamanuensis Kjell Matre<\/p>\n<p>\u00c5pent for alle interesserte<\/p>\n<p>&nbsp;<\/p>\n<hr \/>\n<div id=\"attachment_11420\" style=\"width: 160px\" class=\"wp-caption alignleft\"><img loading=\"lazy\" decoding=\"async\" aria-describedby=\"caption-attachment-11420\" class=\"wp-image-11420\" src=\"http:\/\/k1nytt.w.uib.no\/files\/2020\/02\/picture-6931-1570596584.jpg\" alt=\"\" width=\"150\" height=\"186\" \/><p id=\"caption-attachment-11420\" class=\"wp-caption-text\">Foto\/ill.: Marit O. \u00d8vreg\u00e5rd<\/p><\/div>\n<p><strong>Har du sp\u00f8rsm\u00e5l om ph.d.-utdanningen ved K1?<\/strong><\/p>\n<p>Da kan du ta kontakt med ph.d.-koordinator <a href=\"https:\/\/www.uib.no\/personer\/Kjetil.Utvik.Harkestad\">Kjetil Utvik Harkestad<\/a><span style=\"font-size: 15px;font-weight: 300\">\u00a0<\/span>som har kontorplass i 7. eatsje p\u00e5 Lab-bygget.<\/p>\n<p>&nbsp;<\/p>\n<p><strong>Do you have questions regarding the PhD education at K1?<br \/>\n<\/strong><br \/>\n<span style=\"font-size: 15px;font-weight: 300\">Please contact the PhD coordinator at the department, <\/span><a href=\"https:\/\/www.uib.no\/personer\/Kjetil.Utvik.Harkestad\">Kjetil Utvik Harkestad<\/a>.<\/p>","protected":false},"excerpt":{"rendered":"<p>Nye doktorgrader &nbsp; Jan Erik Berge disputerte den 18. november 2022 med avhandlingen \u00abVestibular symptoms and relations with postural balance, inner ear function, and long term survival\u00bb. Vi gratulerer med gjennomf\u00f8rt disputas! &nbsp; Sverre Morten Zahl disputerte den 25. november&hellip;<\/p>\n<p class=\"more-link-p\"><a class=\"more-link\" href=\"https:\/\/k1nytt.w.uib.no\/en\/2022\/12\/02\/ph-d-hjornet-100\/\">Read more &rarr;<\/a><\/p>","protected":false},"author":4535,"featured_media":0,"comment_status":"open","ping_status":"open","sticky":false,"template":"","format":"standard","meta":{"footnotes":""},"categories":[1],"tags":[],"class_list":["post-16340","post","type-post","status-publish","format-standard","hentry","category-uncategorized"],"_links":{"self":[{"href":"https:\/\/k1nytt.w.uib.no\/en\/wp-json\/wp\/v2\/posts\/16340","targetHints":{"allow":["GET"]}}],"collection":[{"href":"https:\/\/k1nytt.w.uib.no\/en\/wp-json\/wp\/v2\/posts"}],"about":[{"href":"https:\/\/k1nytt.w.uib.no\/en\/wp-json\/wp\/v2\/types\/post"}],"author":[{"embeddable":true,"href":"https:\/\/k1nytt.w.uib.no\/en\/wp-json\/wp\/v2\/users\/4535"}],"replies":[{"embeddable":true,"href":"https:\/\/k1nytt.w.uib.no\/en\/wp-json\/wp\/v2\/comments?post=16340"}],"version-history":[{"count":17,"href":"https:\/\/k1nytt.w.uib.no\/en\/wp-json\/wp\/v2\/posts\/16340\/revisions"}],"predecessor-version":[{"id":16438,"href":"https:\/\/k1nytt.w.uib.no\/en\/wp-json\/wp\/v2\/posts\/16340\/revisions\/16438"}],"wp:attachment":[{"href":"https:\/\/k1nytt.w.uib.no\/en\/wp-json\/wp\/v2\/media?parent=16340"}],"wp:term":[{"taxonomy":"category","embeddable":true,"href":"https:\/\/k1nytt.w.uib.no\/en\/wp-json\/wp\/v2\/categories?post=16340"},{"taxonomy":"post_tag","embeddable":true,"href":"https:\/\/k1nytt.w.uib.no\/en\/wp-json\/wp\/v2\/tags?post=16340"}],"curies":[{"name":"wp","href":"https:\/\/api.w.org\/{rel}","templated":true}]}}