{"id":17447,"date":"2023-06-09T12:58:02","date_gmt":"2023-06-09T10:58:02","guid":{"rendered":"https:\/\/k1nytt.w.uib.no\/?p=17447"},"modified":"2023-06-09T12:58:02","modified_gmt":"2023-06-09T10:58:02","slug":"kjaere-alle-sammen-16","status":"publish","type":"post","link":"https:\/\/k1nytt.w.uib.no\/en\/2023\/06\/09\/kjaere-alle-sammen-16\/","title":{"rendered":"Kj\u00e6re alle sammen"},"content":{"rendered":"<p><img loading=\"lazy\" decoding=\"async\" class=\"wp-image-14940 alignright\" src=\"http:\/\/k1nytt.w.uib.no\/files\/2022\/03\/Christian_Vedeler.jpg\" alt=\"\" width=\"222\" height=\"276\" \/>Vi har nettopp lagt bak oss eksamen i OSKE MED12, og neste uke skal arrangeres OSKE MED6. Dette er resultat av stor innsats fra b\u00e5de administrativt og faglig ansvarlige. Tusen takk til alle som deltar. Vi gratulerer v\u00e5re medisinerstudenter som n\u00e5 er ferdige cand.med., og \u00f8nsker de som er underveis i studiel\u00f8pet lykke til videre.<\/p>\n<p>Det er tidligere informert om Forskningsr\u00e5det sin p\u00e5g\u00e5ende evaluering, og denne uken sendte K1 inn 4 forskningsmilj\u00f8 til evaluering i Forskningsr\u00e5det: CCBIO, Neuro-SysMed (MS\/Parkinson), Senter for ern\u00e6ring og Nyreforskningsgruppen. Dette er grupper som er store nok til \u00e5 fylle kravene fra Forskningsr\u00e5det. Helse Bergen har ogs\u00e5 meldt inn forskningsgrupper siden dette var en invitasjon fra Forskningsr\u00e5det til universiteter, sykehus og h\u00f8yskoler. Arbeidet for forskningsgruppelederne kommer i september n\u00e5r det skal lages rapporter. Her b\u00f8r det bli samarbeid p\u00e5 tvers av institutt, fakultet og sykehus slik at vi kan fremst\u00e5 samlet.<\/p>\n<p>K1 skal ogs\u00e5 vurderes som administrativ enhet. Vi har mange flinke forskningsgrupper ved K1 som ikke er store nok til \u00e5 bli inkludert i denne runden, men vi vil selvsagt ta disse med i institutt- rapporten. Det er viktig at vi planlegger strategi for dette, og at vi i god tid f\u00f8r evalueringen gjennomg\u00e5r hjemmesidene v\u00e5re som presenterer forskningsgruppene. Jeg ber alle som har nettsider for forskningsgruppene sine om \u00e5 g\u00e5 gjennom innholdet og redigerere hvis n\u00f8dvendig.<\/p>\n<p>Men f\u00f8rst av alt \u2013 det ligger an til en varm og solrik helg. H\u00e5per alle f\u00e5r anledning til \u00e5 nyte denne.<\/p>\n<p>Riktig god helg til alle &#x1f60a;<\/p>\n<p>Beste hilsen<br \/>\nChristian<\/p>","protected":false},"excerpt":{"rendered":"<p>Vi har nettopp lagt bak oss eksamen i OSKE MED12, og neste uke skal arrangeres OSKE MED6. Dette er resultat av stor innsats fra b\u00e5de administrativt og faglig ansvarlige. Tusen takk til alle som deltar. Vi gratulerer v\u00e5re medisinerstudenter som&hellip;<\/p>\n<p class=\"more-link-p\"><a class=\"more-link\" href=\"https:\/\/k1nytt.w.uib.no\/en\/2023\/06\/09\/kjaere-alle-sammen-16\/\">Read more &rarr;<\/a><\/p>","protected":false},"author":4535,"featured_media":0,"comment_status":"open","ping_status":"open","sticky":false,"template":"","format":"standard","meta":{"footnotes":""},"categories":[73738],"tags":[],"class_list":["post-17447","post","type-post","status-publish","format-standard","hentry","category-leder"],"_links":{"self":[{"href":"https:\/\/k1nytt.w.uib.no\/en\/wp-json\/wp\/v2\/posts\/17447","targetHints":{"allow":["GET"]}}],"collection":[{"href":"https:\/\/k1nytt.w.uib.no\/en\/wp-json\/wp\/v2\/posts"}],"about":[{"href":"https:\/\/k1nytt.w.uib.no\/en\/wp-json\/wp\/v2\/types\/post"}],"author":[{"embeddable":true,"href":"https:\/\/k1nytt.w.uib.no\/en\/wp-json\/wp\/v2\/users\/4535"}],"replies":[{"embeddable":true,"href":"https:\/\/k1nytt.w.uib.no\/en\/wp-json\/wp\/v2\/comments?post=17447"}],"version-history":[{"count":2,"href":"https:\/\/k1nytt.w.uib.no\/en\/wp-json\/wp\/v2\/posts\/17447\/revisions"}],"predecessor-version":[{"id":17449,"href":"https:\/\/k1nytt.w.uib.no\/en\/wp-json\/wp\/v2\/posts\/17447\/revisions\/17449"}],"wp:attachment":[{"href":"https:\/\/k1nytt.w.uib.no\/en\/wp-json\/wp\/v2\/media?parent=17447"}],"wp:term":[{"taxonomy":"category","embeddable":true,"href":"https:\/\/k1nytt.w.uib.no\/en\/wp-json\/wp\/v2\/categories?post=17447"},{"taxonomy":"post_tag","embeddable":true,"href":"https:\/\/k1nytt.w.uib.no\/en\/wp-json\/wp\/v2\/tags?post=17447"}],"curies":[{"name":"wp","href":"https:\/\/api.w.org\/{rel}","templated":true}]}}