{"id":1840,"date":"2016-10-21T12:45:36","date_gmt":"2016-10-21T10:45:36","guid":{"rendered":"http:\/\/k1nytt.w.uib.no\/?p=1840"},"modified":"2016-10-21T12:48:27","modified_gmt":"2016-10-21T10:48:27","slug":"phd-hjornet-3","status":"publish","type":"post","link":"https:\/\/k1nytt.w.uib.no\/en\/2016\/10\/21\/phd-hjornet-3\/","title":{"rendered":"Phd-hj\u00f8rnet"},"content":{"rendered":"<h2 class=\"mceTemp\">Kommende disputaser<\/h2>\n<p><strong>DISPUTAS \u2013 PH.D.-GRADEN<\/strong><\/p>\n<p><strong> G\u00f8ril Knutsvik<br \/>\n<\/strong>Hovedveileder: Professor Lars A. Akslen<br \/>\nMedveileder: F\u00f8rsteamanuensis II Ingunn M. Stefansson<\/p>\n<div id=\"attachment_1844\" style=\"width: 234px\" class=\"wp-caption alignnone\"><img loading=\"lazy\" decoding=\"async\" aria-describedby=\"caption-attachment-1844\" class=\"size-medium wp-image-1844\" src=\"http:\/\/k1nytt.w.uib.no\/files\/2016\/10\/knutsvik_gorild-224x300.jpg\" alt=\"Gades Inst. UiB.\" width=\"224\" height=\"300\" srcset=\"https:\/\/k1nytt.w.uib.no\/files\/2016\/10\/knutsvik_gorild-224x300.jpg 224w, https:\/\/k1nytt.w.uib.no\/files\/2016\/10\/knutsvik_gorild.jpg 400w\" sizes=\"auto, (max-width: 224px) 100vw, 224px\" \/><p id=\"caption-attachment-1844\" class=\"wp-caption-text\">Gades Inst. UiB.<\/p><\/div>\n<p><strong>Pr\u00f8veforelesning:\u00a0<\/strong>\u00a0\u00a0\u00a0\u00a0\u00a0\u00a0\u00a0\u00a0\u00a0\u00a0 Mandag 31. oktober 2016 kl. 10.15<br \/>\nOppgitt emne: \u00a0\u00a0\u00a0\u00a0\u00a0\u00a0\u00a0\u00a0\u00a0\u00a0\u00a0\u00a0\u00a0\u00a0\u00a0\u00a0 \u201cThe Her2 story in breast cancer: pathological and clinical implications\u201d<br \/>\nSted:\u00a0\u00a0\u00a0\u00a0\u00a0\u00a0\u00a0\u00a0\u00a0\u00a0\u00a0\u00a0\u00a0\u00a0\u00a0\u00a0\u00a0\u00a0\u00a0\u00a0\u00a0\u00a0\u00a0\u00a0\u00a0\u00a0\u00a0\u00a0\u00a0\u00a0\u00a0 Olavssalen, Gamle hovedbygg, Haukeland universitetssykehus, Jonas Lies vei 65<\/p>\n<p><strong>Disputas:\u00a0\u00a0<\/strong>\u00a0\u00a0\u00a0\u00a0\u00a0\u00a0\u00a0\u00a0\u00a0\u00a0\u00a0\u00a0\u00a0\u00a0\u00a0\u00a0\u00a0\u00a0\u00a0\u00a0\u00a0\u00a0 Mandag 31. oktober 2016 kl. 12.15<br \/>\nSted:\u00a0\u00a0\u00a0\u00a0\u00a0\u00a0\u00a0\u00a0\u00a0\u00a0\u00a0\u00a0\u00a0\u00a0\u00a0\u00a0\u00a0\u00a0\u00a0\u00a0\u00a0\u00a0\u00a0\u00a0\u00a0\u00a0\u00a0\u00a0\u00a0\u00a0\u00a0 Olavssalen, Gamle hovedbygg, Haukeland universitetssykehus, Jonas Lies vei 65<br \/>\nAvhandlingens tittel:\u00a0\u00a0\u00a0\u00a0\u00a0\u00a0\u00a0 \u201cBiomarkers in breast cancer, with special focus on tumor cell proliferation\u201d<\/p>\n<ol>\n<li>opponent: Professor Anna Sapino, University of Turin, Italia<\/li>\n<li>opponent: Dosent Tibor Tot, Uppsala Universitet, Sverige<\/li>\n<li>medlem av komiteen: Professor Leiv M. Hove, Universitetet i Bergen<\/li>\n<\/ol>\n<p>Disputasen blir ledet av Professor Nils Erik Gilhus.<\/p>\n<p>\u00c5pent for alle interesserte<\/p>\n<p>&nbsp;<\/p>\n<p><strong>DOCTORAL DISSERTATION DEFENSE<\/strong><\/p>\n<p><strong><strong>Lavina Ahmed<br \/>\n<\/strong><\/strong><em>Main supervisor: Professor Lars A. Akslen<br \/>\n<\/em><em>Co-supervisors: Dr. David Micklem and Dr. Hawa Nalwoga<\/em><\/p>\n<p><img loading=\"lazy\" decoding=\"async\" class=\"alignnone size-medium wp-image-1846\" src=\"http:\/\/k1nytt.w.uib.no\/files\/2016\/10\/picture-12140-1426150766-240x300.jpg\" alt=\"picture-12140-1426150766\" width=\"240\" height=\"300\" srcset=\"https:\/\/k1nytt.w.uib.no\/files\/2016\/10\/picture-12140-1426150766-240x300.jpg 240w, https:\/\/k1nytt.w.uib.no\/files\/2016\/10\/picture-12140-1426150766.jpg 400w\" sizes=\"auto, (max-width: 240px) 100vw, 240px\" \/><\/p>\n<p><strong><strong>Trial lecture:\u00a0\u00a0\u00a0\u00a0\u00a0\u00a0\u00a0\u00a0\u00a0\u00a0 Tuesday, 1 November 2016 at 14.15<br \/>\n<\/strong><\/strong>Topic:\u00a0\u00a0\u00a0\u00a0\u00a0\u00a0\u00a0\u00a0\u00a0\u00a0\u00a0\u00a0\u00a0\u00a0\u00a0\u00a0\u00a0\u00a0\u00a0\u00a0\u00a0\u00a0\u00a0\u201cThe role of inflammation in cancer development\u201d<br \/>\nPlace:\u00a0\u00a0\u00a0\u00a0\u00a0\u00a0\u00a0\u00a0\u00a0\u00a0\u00a0\u00a0\u00a0\u00a0\u00a0\u00a0\u00a0\u00a0\u00a0\u00a0\u00a0\u00a0\u00a0\u00a0Auditorium 4, BB-building, Jonas Lies vei 91<\/p>\n<p><strong><strong>Defense:\u00a0\u00a0\u00a0\u00a0\u00a0\u00a0\u00a0\u00a0\u00a0\u00a0\u00a0\u00a0\u00a0\u00a0\u00a0\u00a0\u00a0\u00a0 Wednesday, 2 November 2016 at 10.15<br \/>\n<\/strong><\/strong>Place:\u00a0\u00a0\u00a0\u00a0\u00a0\u00a0\u00a0\u00a0\u00a0\u00a0\u00a0\u00a0\u00a0\u00a0\u00a0\u00a0\u00a0\u00a0\u00a0\u00a0\u00a0\u00a0\u00a0\u00a0Olavssalen, Old Main Building, Haukeland University Hospital, Jonas Lies vei 65<br \/>\nDissertation:\u00a0\u00a0\u00a0\u00a0\u00a0\u00a0\u00a0\u00a0\u00a0\u00a0\u00a0\u00a0\u00a0\u00a0\u201cAxl as a Biomarker in Breast and Lung Cancer\u201d<\/p>\n<ol>\n<li>opponent: Professor Sverre Torp, The Norwegian University of Science and Technology (NTNU)<\/li>\n<li>opponent: Professor Emiel Janssen, University of Stavanger<\/li>\n<li>member of the Committee: Professor Kathrine Skarstein, University of Bergen<\/li>\n<\/ol>\n<p>The defense will be led by Professor Odd Helge Gilja.<\/p>\n<p>The public is invited.<\/p>\n<p>&nbsp;<\/p>\n<p><strong>DISPUTAS \u2013 PH.D.-GRADEN<\/strong><br \/>\n<strong>Oddvar Mathias Sandvik<\/strong><br \/>\nHovedveileder: Professor Jon Arne S\u00f8reide<br \/>\nMedveileder: Professor Kjetil S\u00f8reide<\/p>\n<p><img loading=\"lazy\" decoding=\"async\" class=\"alignnone size-medium wp-image-1872\" src=\"http:\/\/k1nytt.w.uib.no\/files\/2016\/10\/30290300602_54fbd7ff3e_o-1-300x200.jpg\" alt=\"Foto: Svein Lunde, Helse Stavanger\" width=\"300\" height=\"200\" srcset=\"https:\/\/k1nytt.w.uib.no\/files\/2016\/10\/30290300602_54fbd7ff3e_o-1-300x200.jpg 300w, https:\/\/k1nytt.w.uib.no\/files\/2016\/10\/30290300602_54fbd7ff3e_o-1-768x513.jpg 768w, https:\/\/k1nytt.w.uib.no\/files\/2016\/10\/30290300602_54fbd7ff3e_o-1-1024x684.jpg 1024w\" sizes=\"auto, (max-width: 300px) 100vw, 300px\" \/><\/p>\n<p><strong>Pr\u00f8veforelesning:\u00a0<\/strong>\u00a0\u00a0\u00a0\u00a0\u00a0\u00a0\u00a0\u00a0 Fredag 4. november 2016 kl. 09.15<br \/>\nOppgitt emne:\u00a0\u00a0\u00a0\u00a0\u00a0\u00a0\u00a0\u00a0\u00a0\u00a0\u00a0\u00a0\u00a0\u00a0\u00a0\u00a0\u00a0\u00a0\u00abHormonproduserende heredit\u00e6re syndrom med tumor i abdomen. Kliniske manifestasjoner og kirurgisk behandling\u00bb<br \/>\nSted:\u00a0\u00a0\u00a0\u00a0\u00a0\u00a0\u00a0\u00a0\u00a0\u00a0\u00a0\u00a0\u00a0\u00a0\u00a0\u00a0\u00a0\u00a0\u00a0\u00a0\u00a0\u00a0\u00a0\u00a0\u00a0\u00a0\u00a0\u00a0\u00a0\u00a0\u00a0\u00a0\u00a0Aulaen, Sydbygget, Stanvanger Universitetssjukehus<\/p>\n<p><strong>Disputas:\u00a0<\/strong>\u00a0\u00a0\u00a0\u00a0\u00a0\u00a0\u00a0\u00a0\u00a0\u00a0\u00a0\u00a0\u00a0\u00a0\u00a0\u00a0\u00a0\u00a0\u00a0\u00a0\u00a0\u00a0 Fredag 4. november 2016 kl. 10.30<br \/>\nSted:\u00a0\u00a0\u00a0\u00a0\u00a0\u00a0\u00a0\u00a0\u00a0\u00a0\u00a0\u00a0\u00a0\u00a0\u00a0\u00a0\u00a0\u00a0\u00a0\u00a0\u00a0\u00a0\u00a0\u00a0\u00a0\u00a0\u00a0\u00a0\u00a0\u00a0\u00a0\u00a0Aulaen, Sydbygget, Stanvanger Universitetssjukehus<br \/>\nAvhandlingens tittel:\u00a0\u00a0\u00a0\u00a0\u00a0\u00a0\u00a0\u00a0\u00abEpidemiology and Management of Rare Gastrointestinal Tumors: lessons from gastroenteropancreatic neuroendocrine neoplasms and gastrointestinal stromal tumors\u00bb<\/p>\n<ol>\n<li>opponent: Professor Per Hellman, Uppsala Universitet, Sverige<\/li>\n<li>opponent: Dr.med. Kirsten Sunby Hall, Oslo Universitetssykehus<\/li>\n<li>medlem av komiteen: Professor Lasse G\u00f8ransson, Universitetet i Bergen<\/li>\n<\/ol>\n<p>Disputasen blir ledet av professor Elisabeth Farbu.<\/p>\n<p>\u00c5pent for alle interesserte.<\/p>\n<p>&#8212;&#8212;&#8212;&#8212;&#8212;&#8212;&#8212;&#8212;&#8212;&#8212;&#8212;&#8212;&#8212;&#8211;<\/p>\n<h2>Nye doktorgrader<\/h2>\n<p><strong>Paschal Joseph Ruggajo<br \/>\n<\/strong><em>Main supervisor: Professor Bj\u00f8rn Egil Vikse<br \/>\n<\/em><em>Co-supervisor: Adjunct Professor Einar Svarstad<\/em><\/p>\n<p><img loading=\"lazy\" decoding=\"async\" class=\"alignnone size-medium wp-image-1849\" src=\"http:\/\/k1nytt.w.uib.no\/files\/2016\/10\/picture-21125-1434614429-240x300.jpg\" alt=\"picture-21125-1434614429\" width=\"240\" height=\"300\" srcset=\"https:\/\/k1nytt.w.uib.no\/files\/2016\/10\/picture-21125-1434614429-240x300.jpg 240w, https:\/\/k1nytt.w.uib.no\/files\/2016\/10\/picture-21125-1434614429.jpg 400w\" sizes=\"auto, (max-width: 240px) 100vw, 240px\" \/><\/p>\n<p><strong><strong>Trial <\/strong>lecture:\u00a0\u00a0\u00a0\u00a0\u00a0\u00a0\u00a0\u00a0\u00a0\u00a0\u00a0\u00a0\u00a0\u00a0\u00a0Wednesday, 19 October 2016 at 10.15<\/strong><\/p>\n<p>Topic:\u00a0\u00a0\u00a0\u00a0\u00a0\u00a0\u00a0\u00a0\u00a0\u00a0\u00a0\u00a0\u00a0\u00a0\u00a0\u00a0\u00a0\u00a0\u00a0\u00a0\u00a0\u00a0\u00a0\u00a0 \u201cBiological explanations of Brenner\u2019s hypothesis and the implication for the current and future status of children being affected by undernutrition pre, during and post pregnancy in sub-Saharan Africa\u201d<\/p>\n<p><strong><strong>Defense:\u00a0\u00a0\u00a0\u00a0\u00a0\u00a0\u00a0\u00a0\u00a0\u00a0\u00a0\u00a0\u00a0\u00a0\u00a0\u00a0\u00a0\u00a0\u00a0\u00a0\u00a0\u00a0\u00a0\u00a0Wednesday, 19 October 2016 at 12.15<br \/>\n<\/strong><\/strong>Dissertation:\u00a0\u00a0\u00a0\u00a0\u00a0\u00a0\u00a0\u00a0\u00a0\u00a0\u00a0\u00a0\u00a0\u00a0\u00a0\u00a0\u00a0\u00a0\u00a0\u201cLow Birth Weight and Risk of Progressive Kidney Disease. Epidemiological and Morphological Studies\u201d<\/p>\n<ol>\n<li>opponent: Professor John Feehally, University of Leicester, United Kingdom<\/li>\n<li>opponent: Professor Bj\u00f8rn Odvar Eriksen, UiT \u2013 The Arctic University of Norway<\/li>\n<li>member of the Committee: Professor Ingunn Marie Engebretsen, University of Bergen<\/li>\n<\/ol>\n<p>The defense\u00a0was led by Professor Hans-Peter Marti.<\/p>\n<p><strong>Congratulations on your Ph.D.!<\/strong><\/p>","protected":false},"excerpt":{"rendered":"<p>Kommende disputaser DISPUTAS \u2013 PH.D.-GRADEN G\u00f8ril Knutsvik Hovedveileder: Professor Lars A. Akslen Medveileder: F\u00f8rsteamanuensis II Ingunn M. Stefansson Pr\u00f8veforelesning:\u00a0\u00a0\u00a0\u00a0\u00a0\u00a0\u00a0\u00a0\u00a0\u00a0\u00a0 Mandag 31. oktober 2016 kl. 10.15 Oppgitt emne: \u00a0\u00a0\u00a0\u00a0\u00a0\u00a0\u00a0\u00a0\u00a0\u00a0\u00a0\u00a0\u00a0\u00a0\u00a0\u00a0 \u201cThe Her2 story in breast cancer: pathological and clinical implications\u201d Sted:\u00a0\u00a0\u00a0\u00a0\u00a0\u00a0\u00a0\u00a0\u00a0\u00a0\u00a0\u00a0\u00a0\u00a0\u00a0\u00a0\u00a0\u00a0\u00a0\u00a0\u00a0\u00a0\u00a0\u00a0\u00a0\u00a0\u00a0\u00a0\u00a0\u00a0\u00a0 Olavssalen,&hellip;<\/p>\n<p class=\"more-link-p\"><a class=\"more-link\" href=\"https:\/\/k1nytt.w.uib.no\/en\/2016\/10\/21\/phd-hjornet-3\/\">Read more &rarr;<\/a><\/p>","protected":false},"author":3633,"featured_media":0,"comment_status":"open","ping_status":"open","sticky":false,"template":"","format":"standard","meta":{"footnotes":""},"categories":[1],"tags":[],"class_list":["post-1840","post","type-post","status-publish","format-standard","hentry","category-uncategorized"],"_links":{"self":[{"href":"https:\/\/k1nytt.w.uib.no\/en\/wp-json\/wp\/v2\/posts\/1840","targetHints":{"allow":["GET"]}}],"collection":[{"href":"https:\/\/k1nytt.w.uib.no\/en\/wp-json\/wp\/v2\/posts"}],"about":[{"href":"https:\/\/k1nytt.w.uib.no\/en\/wp-json\/wp\/v2\/types\/post"}],"author":[{"embeddable":true,"href":"https:\/\/k1nytt.w.uib.no\/en\/wp-json\/wp\/v2\/users\/3633"}],"replies":[{"embeddable":true,"href":"https:\/\/k1nytt.w.uib.no\/en\/wp-json\/wp\/v2\/comments?post=1840"}],"version-history":[{"count":14,"href":"https:\/\/k1nytt.w.uib.no\/en\/wp-json\/wp\/v2\/posts\/1840\/revisions"}],"predecessor-version":[{"id":2007,"href":"https:\/\/k1nytt.w.uib.no\/en\/wp-json\/wp\/v2\/posts\/1840\/revisions\/2007"}],"wp:attachment":[{"href":"https:\/\/k1nytt.w.uib.no\/en\/wp-json\/wp\/v2\/media?parent=1840"}],"wp:term":[{"taxonomy":"category","embeddable":true,"href":"https:\/\/k1nytt.w.uib.no\/en\/wp-json\/wp\/v2\/categories?post=1840"},{"taxonomy":"post_tag","embeddable":true,"href":"https:\/\/k1nytt.w.uib.no\/en\/wp-json\/wp\/v2\/tags?post=1840"}],"curies":[{"name":"wp","href":"https:\/\/api.w.org\/{rel}","templated":true}]}}