{"id":19239,"date":"2024-03-08T11:14:25","date_gmt":"2024-03-08T10:14:25","guid":{"rendered":"https:\/\/k1nytt.w.uib.no\/?p=19239"},"modified":"2024-03-08T11:14:25","modified_gmt":"2024-03-08T10:14:25","slug":"ph-d-hjornet-122","status":"publish","type":"post","link":"https:\/\/k1nytt.w.uib.no\/en\/2024\/03\/08\/ph-d-hjornet-122\/","title":{"rendered":"Ph.d.-hj\u00f8rnet"},"content":{"rendered":"<h5><strong>Frist for innlevering \u2013 disputas f\u00f8r sommeren<\/strong><\/h5>\n<p>Siste uke for gjennomf\u00f8ring av disputas f\u00f8r sommeren er uke 25. Avhandling og forslag til komite m\u00e5 da v\u00e6re innlevert senest uke 14. Vi gj\u00f8r samtidig oppmerksom p\u00e5 at det er bed\u00f8mmelseskomiteen som avgj\u00f8r dato for disputas, og denne kan derfor komme til \u00e5 finne sted senere, selv om man har levert innen fristen.<\/p>\n<p>&nbsp;<\/p>\n<h5><strong>Nye doktorgrader<\/strong><\/h5>\n<p>&nbsp;<\/p>\n<div id=\"attachment_19240\" style=\"width: 160px\" class=\"wp-caption alignleft\"><img loading=\"lazy\" decoding=\"async\" aria-describedby=\"caption-attachment-19240\" class=\"wp-image-19240\" src=\"https:\/\/k1nytt.w.uib.no\/files\/2024\/02\/Karine-Eid28_.jpg\" alt=\"Portrettfoto av kandidaten\" width=\"150\" height=\"212\" srcset=\"https:\/\/k1nytt.w.uib.no\/files\/2024\/02\/Karine-Eid28_.jpg 669w, https:\/\/k1nytt.w.uib.no\/files\/2024\/02\/Karine-Eid28_-212x300.jpg 212w\" sizes=\"auto, (max-width: 150px) 100vw, 150px\" \/><p id=\"caption-attachment-19240\" class=\"wp-caption-text\">Foto\/ill.: J\u00f8rgen Barth<\/p><\/div>\n<p>Karine Eid disputerte den 23. februar 2024 med avhandlingen \u00abMultiple adversity: Childhood abuse, adult abuse, and perinatal depression in women with multiple sclerosis\u00bb.<\/p>\n<p>Vi gratulerer med gjennomf\u00f8rt disputas!<\/p>\n<p>&nbsp;<\/p>\n<p>&nbsp;<\/p>\n<p>&nbsp;<\/p>\n<p>&nbsp;<\/p>\n<p>&nbsp;<\/p>\n<hr \/>\n<div id=\"attachment_11420\" style=\"width: 160px\" class=\"wp-caption alignleft\"><img loading=\"lazy\" decoding=\"async\" aria-describedby=\"caption-attachment-11420\" class=\"wp-image-11420\" src=\"http:\/\/k1nytt.w.uib.no\/files\/2020\/02\/picture-6931-1570596584.jpg\" alt=\"\" width=\"150\" height=\"186\" \/><p id=\"caption-attachment-11420\" class=\"wp-caption-text\">Foto\/ill.: Marit O. \u00d8vreg\u00e5rd<\/p><\/div>\n<p><strong>Har du sp\u00f8rsm\u00e5l om ph.d.-utdanningen ved K1?<\/strong><\/p>\n<p>Da kan du ta kontakt med ph.d.-koordinator <a href=\"https:\/\/www.uib.no\/personer\/Kjetil.Utvik.Harkestad\">Kjetil Utvik Harkestad<\/a><span style=\"font-size: 15px;font-weight: 300\">\u00a0<\/span>som har kontorplass i 7. etasje p\u00e5 Lab-bygget.<\/p>\n<p>&nbsp;<\/p>\n<p><strong>Do you have questions regarding the PhD education at K1?<br \/>\n<\/strong><br \/>\n<span style=\"font-size: 15px;font-weight: 300\">Please contact the PhD coordinator at the department, <\/span><a href=\"https:\/\/www.uib.no\/personer\/Kjetil.Utvik.Harkestad\">Kjetil Utvik Harkestad<\/a>.<\/p>","protected":false},"excerpt":{"rendered":"<p>Frist for innlevering \u2013 disputas f\u00f8r sommeren Siste uke for gjennomf\u00f8ring av disputas f\u00f8r sommeren er uke 25. Avhandling og forslag til komite m\u00e5 da v\u00e6re innlevert senest uke 14. Vi gj\u00f8r samtidig oppmerksom p\u00e5 at det er bed\u00f8mmelseskomiteen som&hellip;<\/p>\n<p class=\"more-link-p\"><a class=\"more-link\" href=\"https:\/\/k1nytt.w.uib.no\/en\/2024\/03\/08\/ph-d-hjornet-122\/\">Read more &rarr;<\/a><\/p>","protected":false},"author":4535,"featured_media":0,"comment_status":"open","ping_status":"open","sticky":false,"template":"","format":"standard","meta":{"footnotes":""},"categories":[1],"tags":[],"class_list":["post-19239","post","type-post","status-publish","format-standard","hentry","category-uncategorized"],"_links":{"self":[{"href":"https:\/\/k1nytt.w.uib.no\/en\/wp-json\/wp\/v2\/posts\/19239","targetHints":{"allow":["GET"]}}],"collection":[{"href":"https:\/\/k1nytt.w.uib.no\/en\/wp-json\/wp\/v2\/posts"}],"about":[{"href":"https:\/\/k1nytt.w.uib.no\/en\/wp-json\/wp\/v2\/types\/post"}],"author":[{"embeddable":true,"href":"https:\/\/k1nytt.w.uib.no\/en\/wp-json\/wp\/v2\/users\/4535"}],"replies":[{"embeddable":true,"href":"https:\/\/k1nytt.w.uib.no\/en\/wp-json\/wp\/v2\/comments?post=19239"}],"version-history":[{"count":3,"href":"https:\/\/k1nytt.w.uib.no\/en\/wp-json\/wp\/v2\/posts\/19239\/revisions"}],"predecessor-version":[{"id":19876,"href":"https:\/\/k1nytt.w.uib.no\/en\/wp-json\/wp\/v2\/posts\/19239\/revisions\/19876"}],"wp:attachment":[{"href":"https:\/\/k1nytt.w.uib.no\/en\/wp-json\/wp\/v2\/media?parent=19239"}],"wp:term":[{"taxonomy":"category","embeddable":true,"href":"https:\/\/k1nytt.w.uib.no\/en\/wp-json\/wp\/v2\/categories?post=19239"},{"taxonomy":"post_tag","embeddable":true,"href":"https:\/\/k1nytt.w.uib.no\/en\/wp-json\/wp\/v2\/tags?post=19239"}],"curies":[{"name":"wp","href":"https:\/\/api.w.org\/{rel}","templated":true}]}}