{"id":19492,"date":"2024-03-08T12:36:51","date_gmt":"2024-03-08T11:36:51","guid":{"rendered":"https:\/\/k1nytt.w.uib.no\/?p=19492"},"modified":"2024-03-08T13:09:11","modified_gmt":"2024-03-08T12:09:11","slug":"kjaere-alle-sammen-27","status":"publish","type":"post","link":"https:\/\/k1nytt.w.uib.no\/en\/2024\/03\/08\/kjaere-alle-sammen-27\/","title":{"rendered":"Kj\u00e6re alle sammen!"},"content":{"rendered":"<p class=\"has-medium-font-size\"><strong>Nytt Mohn forskningssenter<\/strong><\/p>\n\n\n<div class=\"wp-block-image is-style-rounded\">\n<figure class=\"alignright size-full is-resized\"><img decoding=\"async\" src=\"https:\/\/k1nytt.w.uib.no\/files\/2022\/03\/Christian_Vedeler.jpg\" alt=\"\" class=\"wp-image-14940\" style=\"aspect-ratio:1;object-fit:cover;width:299px\" \/><\/figure>\n<\/div>\n\n\n<p><\/p>\n\n\n\n<p>Vi gratulerer masse til Seksjon for psykiatri som 5. mars \u00e5pnet Mohn forskningssenter for psykoselidelser, som ledes av professor Erik Johnsen. Dette er et samarbeid mellom Haukeland Universitetssykehus, Oslo Universitetssykehus, Klinisk institutt 1 og Klinisk institutt 2. Et viktig forskningsprosjekt for senteret er \u00e5 finne \u00e5rsaker og behandling for den dramatiske overd\u00f8deligheten som er p\u00e5vist hos pasienter med psykoselidelser.<\/p>\n\n\n\n<p class=\"has-medium-font-size\"><strong>Sunn \u00f8konomi<\/strong><\/p>\n\n\n\n<p>Dere har alle mottatt epost fra Per Bakke om strammere \u00f8konomi i hele universitets- og h\u00f8yskolesektoren de neste \u00e5rene. Fakultet har som dere vet satt i gang et prosjekt som kalles &laquo;Sunn \u00f8konomi&raquo; og som skal se p\u00e5 tiltak for \u00e5 \u00f8ke inntektene og redusere kostnadene ved Det medisinske fakultet. Prosjektet skal gi f\u00f8ringer p\u00e5 hva fakultetet skal prioritere av tiltak for \u00e5 sikre fortsatt god kvalitet i forskning og utdanning. Det inneb\u00e6rer ogs\u00e5 at vi ser p\u00e5 hvordan vi arbeider, hvordan vi er organisert og hvordan bruker ressursene v\u00e5re p\u00e5 best mulig m\u00e5te.&nbsp; Det er opprettet en egen nettside for prosjektet <a href=\"https:\/\/www.uib.no\/med\/169019\/sunn-%C3%B8konomi\" target=\"_blank\" rel=\"noreferrer noopener\">Sunn \u00f8konomi<\/a> og det er \u00f8nskelig at flest mulig av dere sender ideer til arbeidsgruppen: <a href=\"mailto:sunnokonomi@uib.no\">sunnokonomi@uib.no<\/a>. Jeg sitter som leder av arbeidsgruppen og kom gjerne ogs\u00e5 med innspill direkte til meg.<\/p>\n\n\n\n<p class=\"has-medium-font-size\"><strong>Fakultetets dag<\/strong><\/p>\n\n\n\n<p>Minner ogs\u00e5 om fakultetets dag som arrangeres onsdag 17. april, kl 09.00 \u2013 12.00 i auditoriet i Armauer Hansens hus. Jeg h\u00e5per dere kan prioriterer tid til \u00e5 delta.<\/p>\n\n\n\n<p>\u00d8nsker alle en riktig god helg &#x1f60a;<br>Christian<\/p>","protected":false},"excerpt":{"rendered":"<p>Nytt Mohn forskningssenter Vi gratulerer masse til Seksjon for psykiatri som 5. mars \u00e5pnet Mohn forskningssenter for psykoselidelser, som ledes av professor Erik Johnsen. Dette er et samarbeid mellom Haukeland Universitetssykehus, Oslo Universitetssykehus, Klinisk institutt 1 og Klinisk institutt 2.&hellip;<\/p>\n<p class=\"more-link-p\"><a class=\"more-link\" href=\"https:\/\/k1nytt.w.uib.no\/en\/2024\/03\/08\/kjaere-alle-sammen-27\/\">Read more &rarr;<\/a><\/p>","protected":false},"author":5051,"featured_media":0,"comment_status":"open","ping_status":"open","sticky":false,"template":"","format":"standard","meta":{"footnotes":""},"categories":[73738],"tags":[],"class_list":["post-19492","post","type-post","status-publish","format-standard","hentry","category-leder"],"_links":{"self":[{"href":"https:\/\/k1nytt.w.uib.no\/en\/wp-json\/wp\/v2\/posts\/19492","targetHints":{"allow":["GET"]}}],"collection":[{"href":"https:\/\/k1nytt.w.uib.no\/en\/wp-json\/wp\/v2\/posts"}],"about":[{"href":"https:\/\/k1nytt.w.uib.no\/en\/wp-json\/wp\/v2\/types\/post"}],"author":[{"embeddable":true,"href":"https:\/\/k1nytt.w.uib.no\/en\/wp-json\/wp\/v2\/users\/5051"}],"replies":[{"embeddable":true,"href":"https:\/\/k1nytt.w.uib.no\/en\/wp-json\/wp\/v2\/comments?post=19492"}],"version-history":[{"count":16,"href":"https:\/\/k1nytt.w.uib.no\/en\/wp-json\/wp\/v2\/posts\/19492\/revisions"}],"predecessor-version":[{"id":19602,"href":"https:\/\/k1nytt.w.uib.no\/en\/wp-json\/wp\/v2\/posts\/19492\/revisions\/19602"}],"wp:attachment":[{"href":"https:\/\/k1nytt.w.uib.no\/en\/wp-json\/wp\/v2\/media?parent=19492"}],"wp:term":[{"taxonomy":"category","embeddable":true,"href":"https:\/\/k1nytt.w.uib.no\/en\/wp-json\/wp\/v2\/categories?post=19492"},{"taxonomy":"post_tag","embeddable":true,"href":"https:\/\/k1nytt.w.uib.no\/en\/wp-json\/wp\/v2\/tags?post=19492"}],"curies":[{"name":"wp","href":"https:\/\/api.w.org\/{rel}","templated":true}]}}