{"id":19674,"date":"2024-03-22T14:38:08","date_gmt":"2024-03-22T13:38:08","guid":{"rendered":"https:\/\/k1nytt.w.uib.no\/?p=19674"},"modified":"2024-03-22T14:38:08","modified_gmt":"2024-03-22T13:38:08","slug":"uib-brannvernkurs","status":"publish","type":"post","link":"https:\/\/k1nytt.w.uib.no\/en\/2024\/03\/22\/uib-brannvernkurs\/","title":{"rendered":"UiB &#8211; brannvernkurs"},"content":{"rendered":"<div id=\"attachment_19679\" style=\"width: 603px\" class=\"wp-caption aligncenter\"><img loading=\"lazy\" decoding=\"async\" aria-describedby=\"caption-attachment-19679\" class=\"wp-image-19679\" src=\"https:\/\/k1nytt.w.uib.no\/files\/2024\/03\/COLOURBOX25965734-scaled.jpg\" alt=\"Foto av to kontorarbeidere som \u00f8ver p\u00e5 \u00e5 slukke brann\" width=\"593\" height=\"396\" srcset=\"https:\/\/k1nytt.w.uib.no\/files\/2024\/03\/COLOURBOX25965734-scaled.jpg 2560w, https:\/\/k1nytt.w.uib.no\/files\/2024\/03\/COLOURBOX25965734-300x200.jpg 300w, https:\/\/k1nytt.w.uib.no\/files\/2024\/03\/COLOURBOX25965734-1024x683.jpg 1024w, https:\/\/k1nytt.w.uib.no\/files\/2024\/03\/COLOURBOX25965734-768x513.jpg 768w, https:\/\/k1nytt.w.uib.no\/files\/2024\/03\/COLOURBOX25965734-1536x1025.jpg 1536w, https:\/\/k1nytt.w.uib.no\/files\/2024\/03\/COLOURBOX25965734-2048x1367.jpg 2048w\" sizes=\"auto, (max-width: 593px) 100vw, 593px\" \/><p id=\"caption-attachment-19679\" class=\"wp-caption-text\">Foto\/ill.: Colourbox<\/p><\/div>\n<p>&nbsp;<\/p>\n<p>Alle ansatte ved UiB skal ha gjennomf\u00f8rt brannvernoppl\u00e6ring, som ved UiB best\u00e5r av et digitalt brannvernkurs og praktisk slukking. Vi oppfordrer deg som IKKE har gjennomf\u00f8rt denne oppl\u00e6ringen til \u00e5 gj\u00f8re det n\u00e5.<\/p>\n<ol>\n<li>Digitalt kurs tar du via denne lenken: <a href=\"https:\/\/nettkurs.tiv.no\/no\/feidelogin\"><u>https:\/\/nettkurs.tiv.no\/no\/feidelogin<\/u><\/a><\/li>\n<li>Praktisk slukking er det mange muligheter til \u00e5 f\u00e5 gjennomf\u00f8rt i l\u00f8pet av v\u00e5ren.<\/li>\n<\/ol>\n<p>Du melder deg selv p\u00e5 et av kursene via p\u00e5melding p\u00e5 denne nettsiden:<\/p>\n<p><a href=\"https:\/\/www.uib.no\/foransatte\/96078\/brannvernkurs-ved-uib\"><u>https:\/\/www.uib.no\/foransatte\/96078\/brannvernkurs-ved-uib<\/u><\/a><\/p>\n<p>Har du annen hovedarbeidsgiver enn UiB, og har gjennomf\u00f8rt brannvernoppl\u00e6ring i deres regi,<\/p>\n<p>trenger du ikke ta UiB-kusene i tillegg.<\/p>\n<p>Vennlig hilsen<br \/>\nJorunn Skei<br \/>\nadministrasjonssjef<\/p>","protected":false},"excerpt":{"rendered":"<p>&nbsp; Alle ansatte ved UiB skal ha gjennomf\u00f8rt brannvernoppl\u00e6ring, som ved UiB best\u00e5r av et digitalt brannvernkurs og praktisk slukking. Vi oppfordrer deg som IKKE har gjennomf\u00f8rt denne oppl\u00e6ringen til \u00e5 gj\u00f8re det n\u00e5. Digitalt kurs tar du via denne&hellip;<\/p>\n<p class=\"more-link-p\"><a class=\"more-link\" href=\"https:\/\/k1nytt.w.uib.no\/en\/2024\/03\/22\/uib-brannvernkurs\/\">Read more &rarr;<\/a><\/p>","protected":false},"author":4535,"featured_media":0,"comment_status":"open","ping_status":"open","sticky":false,"template":"","format":"standard","meta":{"footnotes":""},"categories":[742],"tags":[],"class_list":["post-19674","post","type-post","status-publish","format-standard","hentry","category-annet"],"_links":{"self":[{"href":"https:\/\/k1nytt.w.uib.no\/en\/wp-json\/wp\/v2\/posts\/19674","targetHints":{"allow":["GET"]}}],"collection":[{"href":"https:\/\/k1nytt.w.uib.no\/en\/wp-json\/wp\/v2\/posts"}],"about":[{"href":"https:\/\/k1nytt.w.uib.no\/en\/wp-json\/wp\/v2\/types\/post"}],"author":[{"embeddable":true,"href":"https:\/\/k1nytt.w.uib.no\/en\/wp-json\/wp\/v2\/users\/4535"}],"replies":[{"embeddable":true,"href":"https:\/\/k1nytt.w.uib.no\/en\/wp-json\/wp\/v2\/comments?post=19674"}],"version-history":[{"count":3,"href":"https:\/\/k1nytt.w.uib.no\/en\/wp-json\/wp\/v2\/posts\/19674\/revisions"}],"predecessor-version":[{"id":19681,"href":"https:\/\/k1nytt.w.uib.no\/en\/wp-json\/wp\/v2\/posts\/19674\/revisions\/19681"}],"wp:attachment":[{"href":"https:\/\/k1nytt.w.uib.no\/en\/wp-json\/wp\/v2\/media?parent=19674"}],"wp:term":[{"taxonomy":"category","embeddable":true,"href":"https:\/\/k1nytt.w.uib.no\/en\/wp-json\/wp\/v2\/categories?post=19674"},{"taxonomy":"post_tag","embeddable":true,"href":"https:\/\/k1nytt.w.uib.no\/en\/wp-json\/wp\/v2\/tags?post=19674"}],"curies":[{"name":"wp","href":"https:\/\/api.w.org\/{rel}","templated":true}]}}