{"id":20078,"date":"2024-05-31T14:56:38","date_gmt":"2024-05-31T12:56:38","guid":{"rendered":"https:\/\/k1nytt.w.uib.no\/?p=20078"},"modified":"2024-05-31T15:12:46","modified_gmt":"2024-05-31T13:12:46","slug":"kjaere-alle-sammen-32","status":"publish","type":"post","link":"https:\/\/k1nytt.w.uib.no\/en\/2024\/05\/31\/kjaere-alle-sammen-32\/","title":{"rendered":"Kj\u00e6re alle sammen,"},"content":{"rendered":"<div class=\"wp-block-image is-style-rounded\">\n<figure class=\"alignright size-full is-resized\"><img decoding=\"async\" src=\"https:\/\/k1nytt.w.uib.no\/files\/2022\/03\/Christian_Vedeler.jpg\" alt=\"\" class=\"wp-image-14940\" style=\"aspect-ratio:1;object-fit:cover;width:305px;height:auto\" \/><\/figure>\n<\/div>\n\n\n<p>Vi n\u00e6rmer oss sommer, og har allerede har opplevd mai som en fin forsmak p\u00e5 denne. Studentene er i innspurt til semestereksamener. Materstudentene i ern\u00e6ring og farmasi leverer sine oppgaver, og OSKE 6 og 12 st\u00e5r snart for d\u00f8r. &nbsp;Fra mai til juni har vi hatt \u00e5tte disputaser, syv her og \u00e9n i Stavanger. &nbsp;Videre blir det en travel juni m\u00e5ned, men vi klarer dette fint, takket v\u00e6re en veldreven studieadministrasjon.<\/p>\n\n\n\n<p><strong>Takk for gode s\u00f8knader<\/strong><\/p>\n\n\n\n<p>Vi leverer mange gode s\u00f8knader til Senter for kvinnehelseforskning, og et nytt Mohn-senter er p\u00e5 trappende. I samarbeid med Trond Mohns forskningsstiftelse lanserer Haukeland universitetssjukehus n\u00e5 <a href=\"https:\/\/www.helse-bergen.no\/fag-og-forsking\/forsking\/utlysing-avanserte-kliniske-kreftsstudiar\/\" data-type=\"link\" data-id=\"https:\/\/www.helse-bergen.no\/fag-og-forsking\/forsking\/utlysing-avanserte-kliniske-kreftsstudiar\/\" target=\"_blank\" rel=\"noreferrer noopener\">et forskingsprogram for avanserte kliniske kreftstudier<\/a>. <\/p>\n\n\n\n<p>Vi setter pris p\u00e5 alle som s\u00f8ker \u2013 b\u00e5de store og sm\u00e5 midler. Minner ogs\u00e5 om s\u00f8knadsfrist 7. juni for deltagelse p\u00e5 UiB sitt kurs om forskningsledelse til h\u00f8sten.<\/p>\n\n\n\n<p><strong>Stamceller p\u00e5 trappene<\/strong><\/p>\n\n\n\n<p>Vi planlegger n\u00e5 etablering av et stamcelle-laboratorium i 7. etasje i BBB i tett samarbeid med IBM, IKO og K2. Framover er det et stor potensiale for regenerativ medisin, og et samarbeid mellom instituttene, og med sykehuset, vil kunne l\u00f8fte denne forskningen enda mer.<\/p>\n\n\n\n<p>&laquo;Sunn \u00f8konomi&raquo;<\/p>\n\n\n\n<p>Det har i flere \u00e5r v\u00e6rt en realnedgang i universitetsbudsjettene. I budsjettet for 2024 var nedgangen p\u00e5 rundt 1,3 %, og vi kan forvente ytterligere reduksjon de kommende \u00e5rene. \u00abSunn \u00f8konomi\u00bb er et av tiltakene fra fakultetsledelsen for \u00e5 m\u00f8te langsiktige utfordringer knyttet til finansiering av virksomheten. Prosjektgruppen for \u00absunn \u00f8konomi\u00bb leverer i dag et stort og omfattende arbeid med forslag til tiltak for \u00e5 bedre inntjening og redusere kostnader for hele fakultetet. &nbsp;<\/p>\n\n\n\n<p>Heldigvis, er det er et stort potensial for \u00e5 bedre \u00f8konomien fremover, s\u00e5 vi ser lyst p\u00e5 fremtiden.<\/p>\n\n\n\n<p><strong>Og s\u00e5 til noe helt annet<\/strong><\/p>\n\n\n\n<p>If\u00f8lge Yr skal det bli noen fine dager, s\u00e5 vi kan konkludere med at det er viktig \u00e5 ta fri! Juni blir som sagt travel. Riktig god helg til alle &#x1f60a;<\/p>\n\n\n\n<p>Vennlig hilsen, Christian<\/p>","protected":false},"excerpt":{"rendered":"<p>Vi n\u00e6rmer oss sommer, og har allerede har opplevd mai som en fin forsmak p\u00e5 denne. Studentene er i innspurt til semestereksamener. Materstudentene i ern\u00e6ring og farmasi leverer sine oppgaver, og OSKE 6 og 12 st\u00e5r snart for d\u00f8r. &nbsp;Fra&hellip;<\/p>\n<p class=\"more-link-p\"><a class=\"more-link\" href=\"https:\/\/k1nytt.w.uib.no\/en\/2024\/05\/31\/kjaere-alle-sammen-32\/\">Read more &rarr;<\/a><\/p>","protected":false},"author":5051,"featured_media":0,"comment_status":"open","ping_status":"open","sticky":false,"template":"","format":"standard","meta":{"footnotes":""},"categories":[73738],"tags":[],"class_list":["post-20078","post","type-post","status-publish","format-standard","hentry","category-leder"],"_links":{"self":[{"href":"https:\/\/k1nytt.w.uib.no\/en\/wp-json\/wp\/v2\/posts\/20078","targetHints":{"allow":["GET"]}}],"collection":[{"href":"https:\/\/k1nytt.w.uib.no\/en\/wp-json\/wp\/v2\/posts"}],"about":[{"href":"https:\/\/k1nytt.w.uib.no\/en\/wp-json\/wp\/v2\/types\/post"}],"author":[{"embeddable":true,"href":"https:\/\/k1nytt.w.uib.no\/en\/wp-json\/wp\/v2\/users\/5051"}],"replies":[{"embeddable":true,"href":"https:\/\/k1nytt.w.uib.no\/en\/wp-json\/wp\/v2\/comments?post=20078"}],"version-history":[{"count":7,"href":"https:\/\/k1nytt.w.uib.no\/en\/wp-json\/wp\/v2\/posts\/20078\/revisions"}],"predecessor-version":[{"id":20108,"href":"https:\/\/k1nytt.w.uib.no\/en\/wp-json\/wp\/v2\/posts\/20078\/revisions\/20108"}],"wp:attachment":[{"href":"https:\/\/k1nytt.w.uib.no\/en\/wp-json\/wp\/v2\/media?parent=20078"}],"wp:term":[{"taxonomy":"category","embeddable":true,"href":"https:\/\/k1nytt.w.uib.no\/en\/wp-json\/wp\/v2\/categories?post=20078"},{"taxonomy":"post_tag","embeddable":true,"href":"https:\/\/k1nytt.w.uib.no\/en\/wp-json\/wp\/v2\/tags?post=20078"}],"curies":[{"name":"wp","href":"https:\/\/api.w.org\/{rel}","templated":true}]}}