{"id":20229,"date":"2024-08-16T14:27:42","date_gmt":"2024-08-16T12:27:42","guid":{"rendered":"https:\/\/k1nytt.w.uib.no\/?p=20229"},"modified":"2024-08-16T14:27:42","modified_gmt":"2024-08-16T12:27:42","slug":"kjaere-alle-sammen-34","status":"publish","type":"post","link":"https:\/\/k1nytt.w.uib.no\/en\/2024\/08\/16\/kjaere-alle-sammen-34\/","title":{"rendered":"Kj\u00e6re alle sammen,"},"content":{"rendered":"<p>Jeg h\u00e5per dere har hatt en flott sommer, at dere har fylt diesel p\u00e5 tanken og f\u00e5tt ladet de ber\u00f8mte batteriene.<\/p>\n\n\n<div class=\"wp-block-image is-style-rounded\">\n<figure class=\"alignright size-full is-resized\"><img decoding=\"async\" src=\"https:\/\/k1nytt.w.uib.no\/files\/2022\/03\/Christian_Vedeler.jpg\" alt=\"\" class=\"wp-image-14940\" style=\"aspect-ratio:1;object-fit:cover;width:286px;height:auto\" \/><\/figure>\n<\/div>\n\n\n<p><strong>Undervisning<\/strong><\/p>\n\n\n\n<p>Vi er n\u00e5 i gang med et nytt semester, og jeg h\u00e5per b\u00e5de studenter og forelesere er like motiverte og dykige som alltid.<\/p>\n\n\n\n<p>Jeg vil minne om at det mandag 16. september blir et m\u00f8te i Stavanger om Vestlandslegen og samarbeid i faggrupper p\u00e5 tvers. Hvert fag oppfordres til \u00e5 delta med b\u00e5de fagansvarlig og faglig kontaktperson fra henholdsvis Bergen og Stavanger. <\/p>\n\n\n\n<p>Om du ikke har meldt deg p\u00e5, gj\u00f8r du det her f\u00f8r 26. august: <a href=\"https:\/\/skjemaker.app.uib.no\/view.php?id=17191233\">Seminar faggrupper p\u00e5 tvers &#8211; Vestlandslegen UiB<\/a><\/p>\n\n\n\n<p>Tirsdag 24. september er satt av til felles undervisningsdag p\u00e5 fakultetet. Det er fint om dere prioriterer dette.<\/p>\n\n\n\n<h3 class=\"wp-block-heading\">Forskning<\/h3>\n\n\n\n<p>Det er igjen tid for \u00e5 s\u00f8ke om forskningsmidler. Helse Vest har sine <a href=\"https:\/\/www.helse-vest.no\/nyheiter\/nyheiter-2023\/utlysing-av-forskingsmidlar-i-helse-vest-for-2024\/\" data-type=\"link\" data-id=\"https:\/\/www.helse-vest.no\/nyheiter\/nyheiter-2023\/utlysing-av-forskingsmidlar-i-helse-vest-for-2024\/\" target=\"_blank\" rel=\"noreferrer noopener\">utlysninger<\/a> med frist s\u00f8ndag 15. september. Fakultetet vil snart lyse ut Ph.d.- og postdoktorstipend som kan s\u00f8kes p\u00e5 i h\u00f8st. <\/p>\n\n\n\n<p>Etter at FRIPRO innf\u00f8rte l\u00f8pende s\u00f8knadsfrister i oktober 2023, har antallet s\u00f8knader ved UiB g\u00e5tt ned og tilslagsprosenten blitt lavere. Husk derfor ogs\u00e5 p\u00e5 denne <a href=\"https:\/\/www.forskningsradet.no\/utlysninger\/2023\/forskerprosjekt-erfarne-forskere-fripro\/\" target=\"_blank\" rel=\"noreferrer noopener\">muligheten<\/a>.<\/p>\n\n\n\n<h3 class=\"wp-block-heading\">Snart helg<\/h3>\n\n\n\n<p>V\u00e6ret ser kanskje ikke ut til \u00e5 bli det beste, og diesel- og str\u00f8mprisene er ikke som f\u00f8r, men husk \u00e5 ta fri og lad opp til et godt samarbeid utover h\u00f8sten. \u00d8nsker dere alle en riktig god helg.<\/p>\n\n\n\n<p>Vennlig hilsen <\/p>\n\n\n\n<p>Christian<\/p>","protected":false},"excerpt":{"rendered":"<p>Jeg h\u00e5per dere har hatt en flott sommer, at dere har fylt diesel p\u00e5 tanken og f\u00e5tt ladet de ber\u00f8mte batteriene. Undervisning Vi er n\u00e5 i gang med et nytt semester, og jeg h\u00e5per b\u00e5de studenter og forelesere er like&hellip;<\/p>\n<p class=\"more-link-p\"><a class=\"more-link\" href=\"https:\/\/k1nytt.w.uib.no\/en\/2024\/08\/16\/kjaere-alle-sammen-34\/\">Read more &rarr;<\/a><\/p>","protected":false},"author":5051,"featured_media":0,"comment_status":"open","ping_status":"open","sticky":false,"template":"","format":"standard","meta":{"footnotes":""},"categories":[73738],"tags":[],"class_list":["post-20229","post","type-post","status-publish","format-standard","hentry","category-leder"],"_links":{"self":[{"href":"https:\/\/k1nytt.w.uib.no\/en\/wp-json\/wp\/v2\/posts\/20229","targetHints":{"allow":["GET"]}}],"collection":[{"href":"https:\/\/k1nytt.w.uib.no\/en\/wp-json\/wp\/v2\/posts"}],"about":[{"href":"https:\/\/k1nytt.w.uib.no\/en\/wp-json\/wp\/v2\/types\/post"}],"author":[{"embeddable":true,"href":"https:\/\/k1nytt.w.uib.no\/en\/wp-json\/wp\/v2\/users\/5051"}],"replies":[{"embeddable":true,"href":"https:\/\/k1nytt.w.uib.no\/en\/wp-json\/wp\/v2\/comments?post=20229"}],"version-history":[{"count":2,"href":"https:\/\/k1nytt.w.uib.no\/en\/wp-json\/wp\/v2\/posts\/20229\/revisions"}],"predecessor-version":[{"id":20231,"href":"https:\/\/k1nytt.w.uib.no\/en\/wp-json\/wp\/v2\/posts\/20229\/revisions\/20231"}],"wp:attachment":[{"href":"https:\/\/k1nytt.w.uib.no\/en\/wp-json\/wp\/v2\/media?parent=20229"}],"wp:term":[{"taxonomy":"category","embeddable":true,"href":"https:\/\/k1nytt.w.uib.no\/en\/wp-json\/wp\/v2\/categories?post=20229"},{"taxonomy":"post_tag","embeddable":true,"href":"https:\/\/k1nytt.w.uib.no\/en\/wp-json\/wp\/v2\/tags?post=20229"}],"curies":[{"name":"wp","href":"https:\/\/api.w.org\/{rel}","templated":true}]}}