{"id":20800,"date":"2024-11-15T13:01:21","date_gmt":"2024-11-15T12:01:21","guid":{"rendered":"https:\/\/k1nytt.w.uib.no\/?p=20800"},"modified":"2024-11-15T13:01:21","modified_gmt":"2024-11-15T12:01:21","slug":"velkommen-til-studiekvalitetsseminar-2","status":"publish","type":"post","link":"https:\/\/k1nytt.w.uib.no\/en\/2024\/11\/15\/velkommen-til-studiekvalitetsseminar-2\/","title":{"rendered":"Velkommen til studiekvalitetsseminar!"},"content":{"rendered":"<figure class=\"wp-block-image size-large\"><img loading=\"lazy\" decoding=\"async\" width=\"1024\" height=\"543\" src=\"https:\/\/k1nytt.w.uib.no\/files\/2024\/11\/bilde1_42-1-1024x543.jpg\" alt=\"\" class=\"wp-image-20813\" srcset=\"https:\/\/k1nytt.w.uib.no\/files\/2024\/11\/bilde1_42-1-1024x543.jpg 1024w, https:\/\/k1nytt.w.uib.no\/files\/2024\/11\/bilde1_42-1-300x159.jpg 300w, https:\/\/k1nytt.w.uib.no\/files\/2024\/11\/bilde1_42-1-768x407.jpg 768w, https:\/\/k1nytt.w.uib.no\/files\/2024\/11\/bilde1_42-1-1536x815.jpg 1536w, https:\/\/k1nytt.w.uib.no\/files\/2024\/11\/bilde1_42-1-2048x1086.jpg 2048w\" sizes=\"auto, (max-width: 1024px) 100vw, 1024px\" \/><\/figure>\n\n\n\n<p><strong>Utdanningsutvalgets \u00e5rlige studiekvalitetsseminar finner sted fredag 6. desember kl. 9.00 \u2013 12.30 i Storsalen Nyg\u00e5rdsgaten 5<\/strong>. <\/p>\n\n\n\n<p>M\u00e5lgruppen er faglige og administrative utdanningsledere- som vise\/prodekaner for utdanning, programstyreledere og undervisere, administrative st\u00f8ttespillere med ansvar for kvalitetsutvikling i utdanningene p\u00e5 alle niv\u00e5, og studentutvalgene og studentrepresentanter med interesse for kvalitetsarbeid.<\/p>\n\n\n\n<h3 class=\"wp-block-heading\">To aktuelle tema st\u00e5r p\u00e5 agendaen:<\/h3>\n\n\n\n<ul class=\"wp-block-list\">\n<li><strong>Innlemming av fagspesifikk digital kunnskap i studieprogram<\/strong><\/li>\n<\/ul>\n\n\n\n<p>Hvordan omstrukturere og oppdatere studiel\u00f8pene for \u00e5 innlemme digital kunnskap og forst\u00e5else. Erfaringer fra redesignprosess av profesjonsstudiet i medisin med inkludering av kunstig intelligens. &nbsp;<\/p>\n\n\n\n<ul class=\"wp-block-list\">\n<li><strong>Langsiktig utvikling av studieportef\u00f8lje<\/strong><\/li>\n<\/ul>\n\n\n\n<p>Mellom fagleg breidde og utvikling. Studieportef\u00f8ljeprosjektet ved Det humanistiske fakultet&nbsp;<\/p>\n\n\n\n<p>Her finner du <a href=\"https:\/\/www.uib.no\/foransatte\/173133\/velkommen-til-studiekvalitetsseminar-2024\">programmet<\/a> for seminaret.<\/p>\n\n\n\n<p>Meld deg p\u00e5 her<strong> innen 18.november: <\/strong><a href=\"https:\/\/skjemaker.app.uib.no\/view.php?id=17725241\">P\u00e5meldingslenke<\/a><\/p>\n\n\n\n<p class=\"has-text-align-right\">Foto: Ole Friele<\/p>\n\n\n\n<p><\/p>","protected":false},"excerpt":{"rendered":"<p>Utdanningsutvalgets \u00e5rlige studiekvalitetsseminar finner sted fredag 6. desember kl. 9.00 \u2013 12.30 i Storsalen Nyg\u00e5rdsgaten 5. M\u00e5lgruppen er faglige og administrative utdanningsledere- som vise\/prodekaner for utdanning, programstyreledere og undervisere, administrative st\u00f8ttespillere med ansvar for kvalitetsutvikling i utdanningene p\u00e5 alle niv\u00e5,&hellip;<\/p>\n<p class=\"more-link-p\"><a class=\"more-link\" href=\"https:\/\/k1nytt.w.uib.no\/en\/2024\/11\/15\/velkommen-til-studiekvalitetsseminar-2\/\">Read more &rarr;<\/a><\/p>","protected":false},"author":5051,"featured_media":0,"comment_status":"open","ping_status":"open","sticky":false,"template":"","format":"standard","meta":{"footnotes":""},"categories":[90960],"tags":[],"class_list":["post-20800","post","type-post","status-publish","format-standard","hentry","category-seminarer-og-konferanser"],"_links":{"self":[{"href":"https:\/\/k1nytt.w.uib.no\/en\/wp-json\/wp\/v2\/posts\/20800","targetHints":{"allow":["GET"]}}],"collection":[{"href":"https:\/\/k1nytt.w.uib.no\/en\/wp-json\/wp\/v2\/posts"}],"about":[{"href":"https:\/\/k1nytt.w.uib.no\/en\/wp-json\/wp\/v2\/types\/post"}],"author":[{"embeddable":true,"href":"https:\/\/k1nytt.w.uib.no\/en\/wp-json\/wp\/v2\/users\/5051"}],"replies":[{"embeddable":true,"href":"https:\/\/k1nytt.w.uib.no\/en\/wp-json\/wp\/v2\/comments?post=20800"}],"version-history":[{"count":2,"href":"https:\/\/k1nytt.w.uib.no\/en\/wp-json\/wp\/v2\/posts\/20800\/revisions"}],"predecessor-version":[{"id":20814,"href":"https:\/\/k1nytt.w.uib.no\/en\/wp-json\/wp\/v2\/posts\/20800\/revisions\/20814"}],"wp:attachment":[{"href":"https:\/\/k1nytt.w.uib.no\/en\/wp-json\/wp\/v2\/media?parent=20800"}],"wp:term":[{"taxonomy":"category","embeddable":true,"href":"https:\/\/k1nytt.w.uib.no\/en\/wp-json\/wp\/v2\/categories?post=20800"},{"taxonomy":"post_tag","embeddable":true,"href":"https:\/\/k1nytt.w.uib.no\/en\/wp-json\/wp\/v2\/tags?post=20800"}],"curies":[{"name":"wp","href":"https:\/\/api.w.org\/{rel}","templated":true}]}}