{"id":21547,"date":"2025-01-31T13:37:30","date_gmt":"2025-01-31T12:37:30","guid":{"rendered":"https:\/\/k1nytt.w.uib.no\/?p=21547"},"modified":"2025-01-31T13:37:30","modified_gmt":"2025-01-31T12:37:30","slug":"hei-alle-sammen-4","status":"publish","type":"post","link":"https:\/\/k1nytt.w.uib.no\/en\/2025\/01\/31\/hei-alle-sammen-4\/","title":{"rendered":"Hei, alle sammen"},"content":{"rendered":"<div class=\"wp-block-image is-style-rounded\">\n<figure class=\"alignright size-full is-resized\"><img decoding=\"async\" src=\"https:\/\/k1nytt.w.uib.no\/files\/2022\/03\/Christian_Vedeler.jpg\" alt=\"\" class=\"wp-image-14940\" style=\"aspect-ratio:1;object-fit:cover;width:259px\" \/><\/figure>\n<\/div>\n\n\n<p><strong>Har du h\u00f8rt om Sm\u00e5forsk-midler?<br><\/strong>Form\u00e5let med ordningen er \u00e5 avhjelpe mangel p\u00e5 lite driftsmidler. Midlene skal kunne dekke utgifter til form\u00e5l som reiser, seminar, kurs, materiell, teknisk\/administrativ assistanse og andre driftskostnader. Det er et m\u00e5l at tildelingen av midlene skal st\u00f8tte opp om instituttet og fakultetets egne prioriteringer.<\/p>\n\n\n\n<p>F\u00f8lgende kriterier gjelder for ordningen:<br>1. Midlene g\u00e5r til gode enkeltforskere\/forskningsgrupper som ikke allerede har store driftsmidler.<br>2. St\u00f8rrelsen p\u00e5 de enkelte bevilgningene til s\u00f8kerne er kr 15.000 \u2013 75 000.<br>3. Bevilgningene skal v\u00e6re ett\u00e5rige og brukes innenfor budsjett\u00e5ret 2025. De er ikke overf\u00f8rbare til 2026.<br>4. Mottakere av st\u00f8tte m\u00e5 v\u00e6re aktive forskere i vitenskapelig stilling (professor eller 1. amanuensis) ved K1.<br><br>S\u00f8knader skal inneholde kort beskrivelse av form\u00e5l, st\u00f8ttebel\u00f8p (enkelt budsjett), CV (maks 2 sider) og publikasjonsliste for siste 5 \u00e5r. Dette sendes til administrasjonssjefen ved K1 innen 3. mars, <a href=\"mailto:cathrine.svanevik@uib.no\">cathrine.svanevik@uib.no<\/a>.<br><br><strong>Vil du hedre en kollega for deres fantastiske arbeid?<\/strong><\/p>\n\n\n\n<p>P\u00e5 \u00e5rets utgave av Fakultetets dag skal det deles ut priser for \u00e5rets publikasjon, \u00e5rets Ph.d.-arbeid, \u00e5rets forskningsmilj\u00f8, fremragende forskningsformidling, innovasjon og fremragende tiltak innen utdanning. K1 har gjentatte \u00e5r f\u00e5tt god uttelling her. Det \u00f8nsker vi ogs\u00e5 i \u00e5r. Vi er derfor avhengig av innspill fra alle slik at vi kan velge de beste i konkurranse med de andre instituttene. Du kan send forslag til meg senest 6. mars,&nbsp;<a href=\"mailto:Christian.vedeler@uib.no\">Christian.vedeler@uib.no<\/a>.<\/p>\n\n\n\n<p><strong>N\u00e5 er din sjanse til \u00e5 forme fremtidens forskning<\/strong><\/p>\n\n\n\n<p>Mange av oss husker nok med skrekkblandet fryd spenningen og nerv\u00f8siteten ved \u00e5 ta de f\u00f8rste sm\u00e5 skrittene inn i forskningens fascinerende verden. N\u00e5 trenger vi flere prosjektforslag som kan gjennomf\u00f8res studentene v\u00e5re p\u00e5 <a href=\"https:\/\/www.uib.no\/med\/65047\/forskerlinjen-i-medisin-og-odontologi\">Forskerlinjen<\/a>. Studentene er kloke og nysgjerrige, men trenger oppf\u00f8lging og st\u00f8tte i starten for \u00e5 utvikle seg til gode forskere. <\/p>\n\n\n\n<div class=\"wp-block-buttons is-content-justification-center is-layout-flex wp-container-core-buttons-is-layout-16018d1d wp-block-buttons-is-layout-flex\">\n<div class=\"wp-block-button has-custom-width wp-block-button__width-75 is-style-outline is-style-outline--1\"><a class=\"wp-block-button__link has-vivid-cyan-blue-color has-white-background-color has-text-color has-background has-link-color has-text-align-center wp-element-button\" href=\"https:\/\/skjemaker.app.uib.no\/view.php?id=7920722\" target=\"_blank\" rel=\"noreferrer noopener\"><strong>Lev\u00e9r ditt prosjektforslag her!<\/strong><\/a><\/div>\n<\/div>\n\n\n\n<p><\/p>\n\n\n\n<p>Bli ogs\u00e5 med p\u00e5 v\u00e5r mingledag 18. februar for \u00e5 m\u00f8te studentene og presentere dine prosjekter. Kanskje sees vi der?<\/p>\n\n\n\n<p>\u00d8nsker dere alle en riktig god helg. <\/p>\n\n\n\n<p>Christian<br><\/p>\n\n\n\n<p><\/p>","protected":false},"excerpt":{"rendered":"<p>Har du h\u00f8rt om Sm\u00e5forsk-midler?Form\u00e5let med ordningen er \u00e5 avhjelpe mangel p\u00e5 lite driftsmidler. Midlene skal kunne dekke utgifter til form\u00e5l som reiser, seminar, kurs, materiell, teknisk\/administrativ assistanse og andre driftskostnader. Det er et m\u00e5l at tildelingen av midlene skal&hellip;<\/p>\n<p class=\"more-link-p\"><a class=\"more-link\" href=\"https:\/\/k1nytt.w.uib.no\/en\/2025\/01\/31\/hei-alle-sammen-4\/\">Read more &rarr;<\/a><\/p>","protected":false},"author":5051,"featured_media":0,"comment_status":"open","ping_status":"open","sticky":false,"template":"","format":"standard","meta":{"footnotes":""},"categories":[73738],"tags":[],"class_list":["post-21547","post","type-post","status-publish","format-standard","hentry","category-leder"],"_links":{"self":[{"href":"https:\/\/k1nytt.w.uib.no\/en\/wp-json\/wp\/v2\/posts\/21547","targetHints":{"allow":["GET"]}}],"collection":[{"href":"https:\/\/k1nytt.w.uib.no\/en\/wp-json\/wp\/v2\/posts"}],"about":[{"href":"https:\/\/k1nytt.w.uib.no\/en\/wp-json\/wp\/v2\/types\/post"}],"author":[{"embeddable":true,"href":"https:\/\/k1nytt.w.uib.no\/en\/wp-json\/wp\/v2\/users\/5051"}],"replies":[{"embeddable":true,"href":"https:\/\/k1nytt.w.uib.no\/en\/wp-json\/wp\/v2\/comments?post=21547"}],"version-history":[{"count":9,"href":"https:\/\/k1nytt.w.uib.no\/en\/wp-json\/wp\/v2\/posts\/21547\/revisions"}],"predecessor-version":[{"id":21559,"href":"https:\/\/k1nytt.w.uib.no\/en\/wp-json\/wp\/v2\/posts\/21547\/revisions\/21559"}],"wp:attachment":[{"href":"https:\/\/k1nytt.w.uib.no\/en\/wp-json\/wp\/v2\/media?parent=21547"}],"wp:term":[{"taxonomy":"category","embeddable":true,"href":"https:\/\/k1nytt.w.uib.no\/en\/wp-json\/wp\/v2\/categories?post=21547"},{"taxonomy":"post_tag","embeddable":true,"href":"https:\/\/k1nytt.w.uib.no\/en\/wp-json\/wp\/v2\/tags?post=21547"}],"curies":[{"name":"wp","href":"https:\/\/api.w.org\/{rel}","templated":true}]}}