{"id":21820,"date":"2025-02-28T13:56:46","date_gmt":"2025-02-28T12:56:46","guid":{"rendered":"https:\/\/k1nytt.w.uib.no\/?p=21820"},"modified":"2025-02-28T13:56:46","modified_gmt":"2025-02-28T12:56:46","slug":"kjaere-alle-sammen-43","status":"publish","type":"post","link":"https:\/\/k1nytt.w.uib.no\/en\/2025\/02\/28\/kjaere-alle-sammen-43\/","title":{"rendered":"Kj\u00e6re alle sammen"},"content":{"rendered":"<figure class=\"wp-block-image size-full is-resized is-style-rounded\"><img decoding=\"async\" src=\"https:\/\/k1nytt.w.uib.no\/files\/2022\/03\/Christian_Vedeler.jpg\" alt=\"\" class=\"wp-image-14940\" style=\"aspect-ratio:1;object-fit:cover;width:259px\" \/><\/figure>\n\n\n\n<p><\/p>\n\n\n\n<p class=\"has-medium-font-size\"><strong>Falch priser &#8211; har dere gode kandidater?<\/strong><\/p>\n\n\n\n<p>Falchs fond for medisinsk vitenskap inviterer til nominasjoner for prisbel\u00f8nning for fremragende lederskap innen medisinsk forskning. I \u00e5r utlyses ogs\u00e5 en juniorpris, rettet mot unge forskere under 40 \u00e5r. Falch-prisene er en fin mulighet til gi eller f\u00e5 anerkjennelse. Grip sjansen, kanskje den du nominerer blir del av en <a href=\"https:\/\/www.uib.no\/sites\/w3.uib.no\/files\/attachments\/falch_priser_historikk.pdf\" data-type=\"link\" data-id=\"https:\/\/www.uib.no\/sites\/w3.uib.no\/files\/attachments\/falch_priser_historikk.pdf\">prestisjefylt gruppe av prisvinnere<\/a>.  Siste frist for forslag til kandidater m\u00e5 sendes via <a href=\"\/en\/christian.vedeler@uib.no\/\" data-type=\"link\" data-id=\"christian.vedeler@uib.no\" target=\"_blank\" rel=\"noreferrer noopener\">instituttledelsen <\/a>senest 5. mars. Lese mer om dette senere i K1 nytt.<\/p>\n\n\n\n<p class=\"has-medium-font-size\"><strong>V\u00e6r med \u00e5 styrke kvaliteten<\/strong> <strong>i utdanningene<\/strong><\/p>\n\n\n\n<p>UiB tildeler <a href=\"https:\/\/www.uib.no\/kvalitet-i-utdanning\/77602\/insentivmidler-utvikling-av-utdanningskvalitet\" target=\"_blank\" rel=\"noreferrer noopener\">insentivmidler <\/a>for \u00e5 st\u00f8tte prosjekter som fremmer kvalitetsutvikling i utdanning innen fagmilj\u00f8ene. Midlene skal legge til rette for utviklingstiltak som styrker studiekvaliteten og \u00f8ker gjennomstr\u00f8mningen av studenter. Til inspirasjon mottok vi totalt 580\u00a0000 kroner til <a href=\"https:\/\/ekstern.filer.uib.no\/sa\/Kvalitet%20i%20utdanning\/Insentivmidler\/Tildelte%20insentivmidler%202024%20.pdf\" data-type=\"link\" data-id=\"https:\/\/ekstern.filer.uib.no\/sa\/Kvalitet%20i%20utdanning\/Insentivmidler\/Tildelte%20insentivmidler%202024%20.pdf\" target=\"_blank\" rel=\"noreferrer noopener\">tre ulike prosjekt <\/a>ved MED i fjor\u00e5rets runde. Siste frist for \u00e5 s\u00f8ke er 7. mars, og s\u00f8knader sendes til <a href=\"mailto:cathrine.svanevik@uib.no\">cathrine.svanevik@uib.no<\/a>. <\/p>\n\n\n\n<p class=\"has-medium-font-size\"><strong>Invitasjon til forskerlinjen: Et unikt tilbud for v\u00e5re studenter<\/strong><\/p>\n\n\n\n<p>Jeg har tidligere skrevet om <a href=\"https:\/\/www.uib.no\/med\/65047\/forskerlinjen-i-medisin-og-odontologi\" data-type=\"link\" data-id=\"https:\/\/www.uib.no\/med\/65047\/forskerlinjen-i-medisin-og-odontologi\">forskerlinjen<\/a>.  Dette er et fantastisk tilbud til v\u00e5re medisin- og odontologistudenter, men som det dessverre er dalende interesse for. Fakultetet har 17 plasser til disposisjon. Ved fjor\u00e5rets opptak var det kun 7 s\u00f8kere og 6 takket ja. Forskerlinjestudentene er dedikerte, og mange har publisert mer enn en artikkel i l\u00f8pet av tiden. Noen klarer til og med \u00e5 disputere umiddelbart etter avlagt embetseksamen. Hvis ikke har fakultetet korttidsstipend de kan s\u00f8ke p\u00e5. Gode veiledere og prosjekt for forskerlinjestudenter gir god rekruttering! Kjenner du 1. og 2. \u00e5rs studenter og potensielle veiledere? Ta dem med til en uformell ettermiddag med pizza og en god prat om forskerlinjen p\u00e5 Eitri 18. mars kl. 15-17.<\/p>\n\n\n\n<p>God helg, snart!<\/p>\n\n\n\n<p>Vennlig hilsen <\/p>\n\n\n\n<p>Christian<\/p>","protected":false},"excerpt":{"rendered":"<p>Falch priser &#8211; har dere gode kandidater? Falchs fond for medisinsk vitenskap inviterer til nominasjoner for prisbel\u00f8nning for fremragende lederskap innen medisinsk forskning. I \u00e5r utlyses ogs\u00e5 en juniorpris, rettet mot unge forskere under 40 \u00e5r. Falch-prisene er en fin&hellip;<\/p>\n<p class=\"more-link-p\"><a class=\"more-link\" href=\"https:\/\/k1nytt.w.uib.no\/en\/2025\/02\/28\/kjaere-alle-sammen-43\/\">Read more &rarr;<\/a><\/p>","protected":false},"author":5051,"featured_media":0,"comment_status":"open","ping_status":"open","sticky":false,"template":"","format":"standard","meta":{"footnotes":""},"categories":[73738],"tags":[],"class_list":["post-21820","post","type-post","status-publish","format-standard","hentry","category-leder"],"_links":{"self":[{"href":"https:\/\/k1nytt.w.uib.no\/en\/wp-json\/wp\/v2\/posts\/21820","targetHints":{"allow":["GET"]}}],"collection":[{"href":"https:\/\/k1nytt.w.uib.no\/en\/wp-json\/wp\/v2\/posts"}],"about":[{"href":"https:\/\/k1nytt.w.uib.no\/en\/wp-json\/wp\/v2\/types\/post"}],"author":[{"embeddable":true,"href":"https:\/\/k1nytt.w.uib.no\/en\/wp-json\/wp\/v2\/users\/5051"}],"replies":[{"embeddable":true,"href":"https:\/\/k1nytt.w.uib.no\/en\/wp-json\/wp\/v2\/comments?post=21820"}],"version-history":[{"count":1,"href":"https:\/\/k1nytt.w.uib.no\/en\/wp-json\/wp\/v2\/posts\/21820\/revisions"}],"predecessor-version":[{"id":21821,"href":"https:\/\/k1nytt.w.uib.no\/en\/wp-json\/wp\/v2\/posts\/21820\/revisions\/21821"}],"wp:attachment":[{"href":"https:\/\/k1nytt.w.uib.no\/en\/wp-json\/wp\/v2\/media?parent=21820"}],"wp:term":[{"taxonomy":"category","embeddable":true,"href":"https:\/\/k1nytt.w.uib.no\/en\/wp-json\/wp\/v2\/categories?post=21820"},{"taxonomy":"post_tag","embeddable":true,"href":"https:\/\/k1nytt.w.uib.no\/en\/wp-json\/wp\/v2\/tags?post=21820"}],"curies":[{"name":"wp","href":"https:\/\/api.w.org\/{rel}","templated":true}]}}