{"id":21859,"date":"2025-03-14T13:12:29","date_gmt":"2025-03-14T12:12:29","guid":{"rendered":"https:\/\/k1nytt.w.uib.no\/?p=21859"},"modified":"2025-03-14T13:12:30","modified_gmt":"2025-03-14T12:12:30","slug":"kunnskapsprat-kunstig-intelligens-i-uh-sektoren-hvordan-bygge-kompetansen-som-trengs","status":"publish","type":"post","link":"https:\/\/k1nytt.w.uib.no\/en\/2025\/03\/14\/kunnskapsprat-kunstig-intelligens-i-uh-sektoren-hvordan-bygge-kompetansen-som-trengs\/","title":{"rendered":"Kunnskapsprat: Kunstig intelligens i UH-sektoren \u2013 hvordan bygge kompetansen som trengs?"},"content":{"rendered":"<figure class=\"wp-block-image size-full is-resized\"><img loading=\"lazy\" decoding=\"async\" width=\"574\" height=\"302\" src=\"https:\/\/k1nytt.w.uib.no\/files\/2025\/03\/image-5.png\" alt=\"\" class=\"wp-image-21860\" style=\"width:517px;height:auto\" srcset=\"https:\/\/k1nytt.w.uib.no\/files\/2025\/03\/image-5.png 574w, https:\/\/k1nytt.w.uib.no\/files\/2025\/03\/image-5-300x158.png 300w\" sizes=\"auto, (max-width: 574px) 100vw, 574px\" \/><\/figure>\n\n\n\n<p>I denne Kunnskapspraten utforsker vi betydningen av digital kompetanse for \u00e5 m\u00f8te mulighetene og utfordringene KI gir for UH-institusjonenes arbeid, og hvordan vi b\u00f8r jobbe fremover for \u00e5 styrke denne kompetansen.<\/p>\n\n\n\n<p>Tidspunkt: 27. mars 2025 kl. 09.00- 27. mars 2025 kl. 10.00<\/p>\n\n\n\n<p>Sted: \u2022 Digitalt<\/p>\n\n\n\n<p><a href=\"https:\/\/hkdir.no\/arrangementer\/kunnskapsprat-kunstig-intelligens-i-uh-sektoren-hvordan-bygge-kompetansen-som-trengs\">https:\/\/hkdir.no\/arrangementer\/kunnskapsprat-kunstig-intelligens-i-uh-sektoren-hvordan-bygge-kompetansen-som-trengs<\/a><\/p>","protected":false},"excerpt":{"rendered":"<p>I denne Kunnskapspraten utforsker vi betydningen av digital kompetanse for \u00e5 m\u00f8te mulighetene og utfordringene KI gir for UH-institusjonenes arbeid, og hvordan vi b\u00f8r jobbe fremover for \u00e5 styrke denne kompetansen. Tidspunkt: 27. mars 2025 kl. 09.00- 27. mars 2025&hellip;<\/p>\n<p class=\"more-link-p\"><a class=\"more-link\" href=\"https:\/\/k1nytt.w.uib.no\/en\/2025\/03\/14\/kunnskapsprat-kunstig-intelligens-i-uh-sektoren-hvordan-bygge-kompetansen-som-trengs\/\">Read more &rarr;<\/a><\/p>","protected":false},"author":4926,"featured_media":0,"comment_status":"open","ping_status":"open","sticky":false,"template":"","format":"standard","meta":{"footnotes":""},"categories":[90960],"tags":[],"class_list":["post-21859","post","type-post","status-publish","format-standard","hentry","category-seminarer-og-konferanser"],"_links":{"self":[{"href":"https:\/\/k1nytt.w.uib.no\/en\/wp-json\/wp\/v2\/posts\/21859","targetHints":{"allow":["GET"]}}],"collection":[{"href":"https:\/\/k1nytt.w.uib.no\/en\/wp-json\/wp\/v2\/posts"}],"about":[{"href":"https:\/\/k1nytt.w.uib.no\/en\/wp-json\/wp\/v2\/types\/post"}],"author":[{"embeddable":true,"href":"https:\/\/k1nytt.w.uib.no\/en\/wp-json\/wp\/v2\/users\/4926"}],"replies":[{"embeddable":true,"href":"https:\/\/k1nytt.w.uib.no\/en\/wp-json\/wp\/v2\/comments?post=21859"}],"version-history":[{"count":1,"href":"https:\/\/k1nytt.w.uib.no\/en\/wp-json\/wp\/v2\/posts\/21859\/revisions"}],"predecessor-version":[{"id":21861,"href":"https:\/\/k1nytt.w.uib.no\/en\/wp-json\/wp\/v2\/posts\/21859\/revisions\/21861"}],"wp:attachment":[{"href":"https:\/\/k1nytt.w.uib.no\/en\/wp-json\/wp\/v2\/media?parent=21859"}],"wp:term":[{"taxonomy":"category","embeddable":true,"href":"https:\/\/k1nytt.w.uib.no\/en\/wp-json\/wp\/v2\/categories?post=21859"},{"taxonomy":"post_tag","embeddable":true,"href":"https:\/\/k1nytt.w.uib.no\/en\/wp-json\/wp\/v2\/tags?post=21859"}],"curies":[{"name":"wp","href":"https:\/\/api.w.org\/{rel}","templated":true}]}}