{"id":22792,"date":"2025-08-15T10:49:03","date_gmt":"2025-08-15T08:49:03","guid":{"rendered":"https:\/\/k1nytt.w.uib.no\/?p=22792"},"modified":"2025-08-15T10:49:04","modified_gmt":"2025-08-15T08:49:04","slug":"velkommen-til-per-tinius","status":"publish","type":"post","link":"https:\/\/k1nytt.w.uib.no\/en\/2025\/08\/15\/velkommen-til-per-tinius\/","title":{"rendered":"Velkommen til Per Tinius!"},"content":{"rendered":"<p>Vi har gleden av \u00e5 \u00f8nske&nbsp;<strong>Per Tinius Mowinckel<\/strong>&nbsp;velkommen som ny administrasjonskonsulent ved K1!<\/p>\n\n\n\n<p>Per Tinius har en bachelorgrad i organisasjonspsykologi, HR og ledelse.  Han har tidligere jobbet b\u00e5de med HR og \u00f8konomi ved Det medisinske fakultetet, og senest som administrasjonskonsulent ved SEFAS, Institutt for global helse og samfunnsmedisin.<\/p>\n\n\n\n<p>Hos oss p\u00e5 K1 skal han bidra med administrative oppgaver, st\u00f8tte til forskningsprosjekter og s\u00f8rge for effektiv drift. Med sin evne til \u00e5 identifisere og utvikle talent, og sitt engasjement for organisasjonsforbedring, er vi sikre p\u00e5 at han vil bli et verdifullt tilskudd til teamet.<\/p>\n\n\n\n<p>Fun fact: Per Tinius har bakgrunn som toppidrettsut\u00f8ver i sv\u00f8mming, og har stor interesse for idrett, styrketrening og ballsport. Han gleder seg til \u00e5 bli kjent med alle p\u00e5 K1, og h\u00e5per \u00e5 kunne bidra b\u00e5de faglig og sosialt.<\/p>\n\n\n\n<p>Per Tinius har kontor i 7. etasje, ta gjerne turen innom og si hei. Vi er veldig glade for \u00e5 ha ham med p\u00e5 laget!<\/p>\n\n\n\n<p class=\"has-text-align-right\">Foto: privat<\/p>","protected":false},"excerpt":{"rendered":"<p>Vi har gleden av \u00e5 \u00f8nske&nbsp;Per Tinius Mowinckel&nbsp;velkommen som ny administrasjonskonsulent ved K1! Per Tinius har en bachelorgrad i organisasjonspsykologi, HR og ledelse. Han har tidligere jobbet b\u00e5de med HR og \u00f8konomi ved Det medisinske fakultetet, og senest som administrasjonskonsulent&hellip;<\/p>\n<p class=\"more-link-p\"><a class=\"more-link\" href=\"https:\/\/k1nytt.w.uib.no\/en\/2025\/08\/15\/velkommen-til-per-tinius\/\">Read more &rarr;<\/a><\/p>","protected":false},"author":5051,"featured_media":22802,"comment_status":"open","ping_status":"open","sticky":false,"template":"","format":"standard","meta":{"footnotes":""},"categories":[92386],"tags":[],"class_list":["post-22792","post","type-post","status-publish","format-standard","has-post-thumbnail","hentry","category-nyttomnavn"],"_links":{"self":[{"href":"https:\/\/k1nytt.w.uib.no\/en\/wp-json\/wp\/v2\/posts\/22792","targetHints":{"allow":["GET"]}}],"collection":[{"href":"https:\/\/k1nytt.w.uib.no\/en\/wp-json\/wp\/v2\/posts"}],"about":[{"href":"https:\/\/k1nytt.w.uib.no\/en\/wp-json\/wp\/v2\/types\/post"}],"author":[{"embeddable":true,"href":"https:\/\/k1nytt.w.uib.no\/en\/wp-json\/wp\/v2\/users\/5051"}],"replies":[{"embeddable":true,"href":"https:\/\/k1nytt.w.uib.no\/en\/wp-json\/wp\/v2\/comments?post=22792"}],"version-history":[{"count":2,"href":"https:\/\/k1nytt.w.uib.no\/en\/wp-json\/wp\/v2\/posts\/22792\/revisions"}],"predecessor-version":[{"id":22803,"href":"https:\/\/k1nytt.w.uib.no\/en\/wp-json\/wp\/v2\/posts\/22792\/revisions\/22803"}],"wp:featuredmedia":[{"embeddable":true,"href":"https:\/\/k1nytt.w.uib.no\/en\/wp-json\/wp\/v2\/media\/22802"}],"wp:attachment":[{"href":"https:\/\/k1nytt.w.uib.no\/en\/wp-json\/wp\/v2\/media?parent=22792"}],"wp:term":[{"taxonomy":"category","embeddable":true,"href":"https:\/\/k1nytt.w.uib.no\/en\/wp-json\/wp\/v2\/categories?post=22792"},{"taxonomy":"post_tag","embeddable":true,"href":"https:\/\/k1nytt.w.uib.no\/en\/wp-json\/wp\/v2\/tags?post=22792"}],"curies":[{"name":"wp","href":"https:\/\/api.w.org\/{rel}","templated":true}]}}