{"id":23788,"date":"2026-02-13T13:44:21","date_gmt":"2026-02-13T12:44:21","guid":{"rendered":"https:\/\/k1nytt.w.uib.no\/?p=23788"},"modified":"2026-02-13T13:53:06","modified_gmt":"2026-02-13T12:53:06","slug":"uib-etablerer-formidlingsforum","status":"publish","type":"post","link":"https:\/\/k1nytt.w.uib.no\/en\/2026\/02\/13\/uib-etablerer-formidlingsforum\/","title":{"rendered":"UiB etablerer Formidlingsforum"},"content":{"rendered":"<p>UiB etablerer n\u00e5 en ny arena for formidling: <strong>Formidlingsforum<\/strong>. Alle interesserte ansatte \u00f8nskes hjertelig velkommen til den f\u00f8rste samlingen.<\/p>\n\n\n\n<p>Formidlingsforum skal:<\/p>\n\n\n\n<ul class=\"wp-block-list\">\n<li>dele erfaringer fra kolleger og fagmilj\u00f8er som har lykkes med formidling<\/li>\n\n\n\n<li>inspirere til formidlingsglede gjennom gode eksempler<\/li>\n\n\n\n<li>gi rom for refleksjon rundt utfordringer og dilemma forskere kan m\u00f8te i sin formidlingsrolle<\/li>\n<\/ul>\n\n\n\n<p><strong>M\u00e5lgruppe:<\/strong> Alle vitenskapelig ansatte, samt ansatte som arbeider med kommunikasjon og formidlingsst\u00f8tte.<\/p>\n\n\n\n<h3 class=\"wp-block-heading\">Praktisk informasjon<\/h3>\n\n\n\n<ul class=\"wp-block-list\">\n<li><strong>Dato:<\/strong> Torsdag 19. februar 2026<\/li>\n\n\n\n<li><strong>Tid:<\/strong> 08.30\u201309.30 (mingling og lett servering fra 08.15)<\/li>\n\n\n\n<li><strong>Sted:<\/strong> T\u00e5rnsalen, Universitetsmuseet<\/li>\n<\/ul>\n\n\n\n<h3 class=\"wp-block-heading\">Program<\/h3>\n\n\n\n<ul class=\"wp-block-list\">\n<li><strong>08.15<\/strong> \u2013 Mingling og lett servering<\/li>\n\n\n\n<li><strong>08.30<\/strong> \u2013 Velkommen og introduksjon om forumets hensikt og ambisjoner v\/ Kristoffer Vogt, viserektor<\/li>\n\n\n\n<li><strong>08.35<\/strong> \u2013 Innlegg v.:\n<ul class=\"wp-block-list\">\n<li>Kikki Kleiven (Bjerknessenteret)<\/li>\n\n\n\n<li>Hans Fredrik Marthinussen (Det juridiske fakultet)<\/li>\n<\/ul>\n<\/li>\n\n\n\n<li><strong>09.05<\/strong> \u2013 Diskusjon og refleksjoner<\/li>\n\n\n\n<li><strong>09.20<\/strong> \u2013 \u201cDagens lille tips\u201d fra Kommunikasjonsavdelingen<\/li>\n<\/ul>\n\n\n\n<p>Formidlingsforum vil arrangeres <strong>tre ganger per semester<\/strong>.<\/p>\n\n\n\n<figure class=\"wp-block-image size-large\"><img loading=\"lazy\" decoding=\"async\" width=\"1024\" height=\"683\" src=\"https:\/\/k1nytt.w.uib.no\/files\/2026\/02\/dsc_9368_1_0-1024x683.jpg\" alt=\"\" class=\"wp-image-23790\" srcset=\"https:\/\/k1nytt.w.uib.no\/files\/2026\/02\/dsc_9368_1_0-1024x683.jpg 1024w, https:\/\/k1nytt.w.uib.no\/files\/2026\/02\/dsc_9368_1_0-300x200.jpg 300w, https:\/\/k1nytt.w.uib.no\/files\/2026\/02\/dsc_9368_1_0-768x512.jpg 768w, https:\/\/k1nytt.w.uib.no\/files\/2026\/02\/dsc_9368_1_0-18x12.jpg 18w, https:\/\/k1nytt.w.uib.no\/files\/2026\/02\/dsc_9368_1_0-420x280.jpg 420w, https:\/\/k1nytt.w.uib.no\/files\/2026\/02\/dsc_9368_1_0.jpg 1260w\" sizes=\"auto, (max-width: 1024px) 100vw, 1024px\" \/><figcaption class=\"wp-element-caption\"><br>Ved sitt opphav i Bergen Museum har UiB en over 200 \u00e5r gammel stolt formidlingsarv, og forumet legges derfor til den tradisjonsrike T\u00e5rnsalen p\u00e5 Universitetsmuseet.<br><br>Foto\/ill.:\u00a0Thor Br\u00f8dreskift, UiB<\/figcaption><\/figure>","protected":false},"excerpt":{"rendered":"<p>UiB etablerer n\u00e5 en ny arena for formidling: Formidlingsforum. Alle interesserte ansatte \u00f8nskes hjertelig velkommen til den f\u00f8rste samlingen. Formidlingsforum skal: M\u00e5lgruppe: Alle vitenskapelig ansatte, samt ansatte som arbeider med kommunikasjon og formidlingsst\u00f8tte<\/p>\n<p class=\"more-link-p\"><a class=\"more-link\" href=\"https:\/\/k1nytt.w.uib.no\/en\/2026\/02\/13\/uib-etablerer-formidlingsforum\/\">Read more &rarr;<\/a><\/p>","protected":false},"author":5051,"featured_media":23790,"comment_status":"open","ping_status":"open","sticky":false,"template":"","format":"standard","meta":{"footnotes":""},"categories":[90960],"tags":[],"class_list":["post-23788","post","type-post","status-publish","format-standard","has-post-thumbnail","hentry","category-seminarer-og-konferanser"],"_links":{"self":[{"href":"https:\/\/k1nytt.w.uib.no\/en\/wp-json\/wp\/v2\/posts\/23788","targetHints":{"allow":["GET"]}}],"collection":[{"href":"https:\/\/k1nytt.w.uib.no\/en\/wp-json\/wp\/v2\/posts"}],"about":[{"href":"https:\/\/k1nytt.w.uib.no\/en\/wp-json\/wp\/v2\/types\/post"}],"author":[{"embeddable":true,"href":"https:\/\/k1nytt.w.uib.no\/en\/wp-json\/wp\/v2\/users\/5051"}],"replies":[{"embeddable":true,"href":"https:\/\/k1nytt.w.uib.no\/en\/wp-json\/wp\/v2\/comments?post=23788"}],"version-history":[{"count":5,"href":"https:\/\/k1nytt.w.uib.no\/en\/wp-json\/wp\/v2\/posts\/23788\/revisions"}],"predecessor-version":[{"id":23838,"href":"https:\/\/k1nytt.w.uib.no\/en\/wp-json\/wp\/v2\/posts\/23788\/revisions\/23838"}],"wp:featuredmedia":[{"embeddable":true,"href":"https:\/\/k1nytt.w.uib.no\/en\/wp-json\/wp\/v2\/media\/23790"}],"wp:attachment":[{"href":"https:\/\/k1nytt.w.uib.no\/en\/wp-json\/wp\/v2\/media?parent=23788"}],"wp:term":[{"taxonomy":"category","embeddable":true,"href":"https:\/\/k1nytt.w.uib.no\/en\/wp-json\/wp\/v2\/categories?post=23788"},{"taxonomy":"post_tag","embeddable":true,"href":"https:\/\/k1nytt.w.uib.no\/en\/wp-json\/wp\/v2\/tags?post=23788"}],"curies":[{"name":"wp","href":"https:\/\/api.w.org\/{rel}","templated":true}]}}