{"id":23796,"date":"2026-02-13T13:46:09","date_gmt":"2026-02-13T12:46:09","guid":{"rendered":"https:\/\/k1nytt.w.uib.no\/?p=23796"},"modified":"2026-02-13T13:46:09","modified_gmt":"2026-02-13T12:46:09","slug":"kjaere-alle-sammen-55","status":"publish","type":"post","link":"https:\/\/k1nytt.w.uib.no\/en\/2026\/02\/13\/kjaere-alle-sammen-55\/","title":{"rendered":"Kj\u00e6re alle sammen,"},"content":{"rendered":"<p>Gratulerer til Leif Oltedal, som nylig har f\u00e5tt opprykk til professor. Vi vil ogs\u00e5 gratulere Senter for ern\u00e6ring, som n\u00e5 g\u00e5r inn i rollen som koordinator for et stort EU\u2011prosjekt. I tillegg vil vi l\u00f8fte frem <a href=\"https:\/\/www4.uib.no\/forskning\/forskningssentre\/neuro-sysmed\">NevroSysMed<\/a>, som har f\u00e5tt to tildelinger fra KLINBEFORSK \u2013 Nasjonalt program for klinisk behandlingsforskning i spesialisthelsetjenesten \u2013 innen MS og Parkinson. Disse resultatene viser nok en gang at instituttet leverer forskning av sv\u00e6rt h\u00f8y kvalitet.<\/p>\n\n\n\n<p>K1 nytt er v\u00e5r viktigste informasjonskanal, og vi har n\u00e5 gleden av \u00e5 introdusere en ny spalte: Fagprat. Her vil fagmilj\u00f8ene tilknyttet K1 kunne dele korte innblikk i prosjekter, undervisning, forskning og andre sm\u00e5 eller store begivenheter de \u00f8nsker at resten av instituttet skal f\u00e5 med seg. Vi starter denne uken med Enhet for l\u00e6ring, f\u00f8r spalten g\u00e5r videre p\u00e5 rundgang mellom faglederne.<\/p>\n\n\n\n<h2 class=\"wp-block-heading\"><strong>Forskerlinjen<\/strong> <\/h2>\n\n\n\n<p>Den 3. februar ble det arrangert mingledag for potensielle forskerlinjestudenter, hvor de kunne m\u00f8te forskere f\u00f8r s\u00f8knadsfristen 1. oktober. Dessverre var ingen fra K1 til stede denne gangen, og vi har heller ikke sendt inn oppgaver. Jeg vil derfor oppfordre alle fagmilj\u00f8er til \u00e5 sende inn aktuelle oppgaver fortl\u00f8pende via dette skjemaet: <a href=\"https:\/\/skjemaker.app.uib.no\/view.php?id=7920722\">https:\/\/skjemaker.app.uib.no\/view.php?id=7920722<\/a><br><\/p>\n\n\n\n<h2 class=\"wp-block-heading\">Sommerstipend for medisinstudenter<\/h2>\n\n\n\n<p>Det medisinske fakultet lyser n\u00e5 ut inntil seks sommerstipend for medisinstudenter som \u00f8nsker \u00e5 pr\u00f8ve seg som forskere i l\u00f8pet av sommerm\u00e5nedene. Hvert stipend er p\u00e5 kr 50\u202f000 og dekker to m\u00e5neders forskningsarbeid. Ordningen skal bidra til \u00e5 \u00f8ke interessen for medisinsk forskning.<br>Har du aktuelle kandidater? Stipendet passer s\u00e6rlig for studenter i de tidlige studie\u00e5rene som vurderer Forskerlinjen. S\u00f8knadsfristen er 31. mars, og s\u00f8knadsskjema finner du her: <a href=\"https:\/\/skjemaker.app.uib.no\/view.php?id=18438342\">https:\/\/skjemaker.app.uib.no\/view.php?id=18438342\t<\/a><\/p>\n\n\n\n<h2 class=\"wp-block-heading\"><strong>Vestlandets innovasjons-selskap (VIS)<\/strong><\/h2>\n\n\n\n<p>Den 5. februar m\u00f8ttes faglederne ved K1. Et av temaene som ble l\u00f8ftet frem var hvordan <a href=\"https:\/\/www.visinnovasjon.no\/\">VIS<\/a> kan st\u00f8tte v\u00e5re forskningsmilj\u00f8. VIS bidrar med veiledning i utviklingen av forskningsid\u00e9er, sikrer n\u00f8dvendig beskyttelse av teknologi og hjelper forskere med \u00e5 finne veien videre mot mulig kommersialisering. Dette er en viktig p\u00e5minnelse om at vi som forskere ikke bare skal tenke p\u00e5 vitenskapelig kvalitet, men ogs\u00e5 vurdere innovasjonspotensialet i arbeidet v\u00e5rt, b\u00e5de for samfunnsnytte og for \u00e5 styrke instituttets samlede slagkraft.<\/p>\n\n\n\n<h2 class=\"wp-block-heading\">Falchs priser<\/h2>\n\n\n\n<p>Det er ogs\u00e5 tid for nominasjoner til Falchs priser, b\u00e5de juniorprisen for forskere under 40 \u00e5r og seniorprisen. Dette er en viktig anledning til \u00e5 l\u00f8fte frem fremragende forskningsmilj\u00f8er og enkeltpersoner ved instituttet. Jeg vil oppfordre alle til \u00e5 vurdere gode kandidater i sine fagmilj\u00f8. Les gjerne mer om \u00e5rets utlysning i dagens K1 nytt.<\/p>\n\n\n\n<p>Riktig god helg til alle<\/p>\n\n\n\n<p>Christian<\/p>","protected":false},"excerpt":{"rendered":"<p>Gratulerer til Leif Oltedal, som nylig har f\u00e5tt opprykk til professor. Vi vil ogs\u00e5 gratulere Senter for ern\u00e6ring, som n\u00e5 g\u00e5r inn i rollen som koordinator for et stort EU\u2011prosjekt. I tillegg vil vi l\u00f8fte frem NevroSysMed, som har f\u00e5tt&hellip;<\/p>\n<p class=\"more-link-p\"><a class=\"more-link\" href=\"https:\/\/k1nytt.w.uib.no\/en\/2026\/02\/13\/kjaere-alle-sammen-55\/\">Read more &rarr;<\/a><\/p>","protected":false},"author":5051,"featured_media":14940,"comment_status":"open","ping_status":"open","sticky":false,"template":"","format":"standard","meta":{"footnotes":""},"categories":[73738],"tags":[],"class_list":["post-23796","post","type-post","status-publish","format-standard","has-post-thumbnail","hentry","category-leder"],"_links":{"self":[{"href":"https:\/\/k1nytt.w.uib.no\/en\/wp-json\/wp\/v2\/posts\/23796","targetHints":{"allow":["GET"]}}],"collection":[{"href":"https:\/\/k1nytt.w.uib.no\/en\/wp-json\/wp\/v2\/posts"}],"about":[{"href":"https:\/\/k1nytt.w.uib.no\/en\/wp-json\/wp\/v2\/types\/post"}],"author":[{"embeddable":true,"href":"https:\/\/k1nytt.w.uib.no\/en\/wp-json\/wp\/v2\/users\/5051"}],"replies":[{"embeddable":true,"href":"https:\/\/k1nytt.w.uib.no\/en\/wp-json\/wp\/v2\/comments?post=23796"}],"version-history":[{"count":2,"href":"https:\/\/k1nytt.w.uib.no\/en\/wp-json\/wp\/v2\/posts\/23796\/revisions"}],"predecessor-version":[{"id":23809,"href":"https:\/\/k1nytt.w.uib.no\/en\/wp-json\/wp\/v2\/posts\/23796\/revisions\/23809"}],"wp:featuredmedia":[{"embeddable":true,"href":"https:\/\/k1nytt.w.uib.no\/en\/wp-json\/wp\/v2\/media\/14940"}],"wp:attachment":[{"href":"https:\/\/k1nytt.w.uib.no\/en\/wp-json\/wp\/v2\/media?parent=23796"}],"wp:term":[{"taxonomy":"category","embeddable":true,"href":"https:\/\/k1nytt.w.uib.no\/en\/wp-json\/wp\/v2\/categories?post=23796"},{"taxonomy":"post_tag","embeddable":true,"href":"https:\/\/k1nytt.w.uib.no\/en\/wp-json\/wp\/v2\/tags?post=23796"}],"curies":[{"name":"wp","href":"https:\/\/api.w.org\/{rel}","templated":true}]}}