{"id":23875,"date":"2026-03-06T13:03:44","date_gmt":"2026-03-06T12:03:44","guid":{"rendered":"https:\/\/k1nytt.w.uib.no\/?p=23875"},"modified":"2026-03-06T13:03:44","modified_gmt":"2026-03-06T12:03:44","slug":"kjaere-alle-sammen-56","status":"publish","type":"post","link":"https:\/\/k1nytt.w.uib.no\/en\/2026\/03\/06\/kjaere-alle-sammen-56\/","title":{"rendered":"Kj\u00e6re alle sammen,"},"content":{"rendered":"<div class=\"wp-block-image\">\n<figure class=\"alignright size-full\"><img loading=\"lazy\" decoding=\"async\" width=\"200\" height=\"250\" src=\"https:\/\/k1nytt.w.uib.no\/files\/2022\/03\/Christian_Vedeler-e1744110972697.jpg\" alt=\"\" class=\"wp-image-14940\" \/><\/figure>\n<\/div>\n\n\n<p>1. mars overtar professor <a href=\"https:\/\/www4.uib.no\/finn-ansatte\/Rune.Oskar.Bj%C3%B8rneklett\">Rune Bj\u00f8rneklett<\/a> som instituttleder. Dermed avsluttes min fire\u00e5rige periode, og jeg vil takke alle for et sv\u00e6rt godt samarbeid. En s\u00e6rlig takk g\u00e5r til administrasjonen og til v\u00e5re faglederne, som har st\u00e5tt p\u00e5 gjennom hele perioden.<\/p>\n\n\n\n<p>Vi har oppn\u00e5dd mye sammen, og jeg vil gjerne l\u00f8fte frem noe av det vi har f\u00e5tt til:<\/p>\n\n\n\n<p>\u2013 Flytting av rettsmedisin til sykehuset<br>\u2013 Etablering av Bergen senter for medisinsk stamcelleforskning (K1\/IBM\/HUS)<br>\u2013 Bedre resultater i arbeidsmilj\u00f8unders\u00f8kelsen<br>\u2013 Oppstart av samlokalisering av Dyreavdelingen<br>\u2013 Frigjort om lag 300 m\u00b2 i laboratoriebygget (sammen med K2) til sykehuset<br>\u2013 Videreutvikling av v\u00e5re fag i Stavanger som del av Vestlandslegen<br>\u2013 Opprettholdt sv\u00e6rt god undervisningskvalitet<br>\u2013 Betydelig forbedring av \u00f8konomien, som n\u00e5 er i balanse<br>\u2013 Styrket forsknings- og innovasjonsaktivitet, blant annet med SFI-tildeling i desember 2025 og nytt EU-prosjekt i 2026<br>\u2013 \u00d8kende vitenskapelig produksjon, med 346 artikler i 2025, og stabil gjennomf\u00f8ring av 24\u201327 PhD\u2011grader \u00e5rlig<\/p>\n\n\n\n<p>Dette er resultater vi kan v\u00e6re stolte av. Takk til alle for innsatsen!<\/p>\n\n\n\n<p>Samtidig har K1 viktige m\u00e5l \u00e5 arbeide videre med:<\/p>\n\n\n\n<p>\u2013 Et fortsatt godt og inkluderende arbeidsmilj\u00f8<br>\u2013 H\u00f8y kvalitet i undervisning, forskning og innovasjon<br>\u2013 Godt og tett samarbeid med sykehuset<br>\u2013 Videre utbygging av undervisning i flercampusmodellen (Vestlandslegen) i F\u00f8rde og Haugesund<br>\u2013 Ferdigstillelse av samlokaliseringen av Dyreavdelingen, med utvidet undervisningstilbud<br>\u2013 Opprettholdelse av god \u00f8konomistyring<\/p>\n\n\n\n<p>K1 fikk h\u00f8yeste vurdering i Forskningsr\u00e5dets evaluering: <em>The quality of research is overall assessed as outstanding, driven by excellent researchers across all career stages<\/em>. Dette er en standard vi skal videref\u00f8re. Jeg er trygg p\u00e5 at K1 vil fortsette i medvind og m\u00f8te nye utfordringer p\u00e5 en god m\u00e5te.<\/p>\n\n\n\n<p>Selv blir jeg fortsatt en aktiv del av K1, men f\u00e5r n\u00e5 mer tid til undervisning og forskning innen nevrologi.<\/p>\n\n\n\n<p>Jeg h\u00e5per \u00e5 se flest mulig p\u00e5 Instituttets dag 12. mars. Programmet finner dere i K1\u2011nytt.<\/p>\n\n\n\n<p>Takk for meg som instituttleder, og riktig god helg til alle &#x1f60a;<\/p>\n\n\n\n<p>Christian<\/p>\n\n\n\n<p><\/p>","protected":false},"excerpt":{"rendered":"<p>1. mars overtar professor Rune Bj\u00f8rneklett som instituttleder. Dermed avsluttes min fire\u00e5rige periode, og jeg vil takke alle for et sv\u00e6rt godt samarbeid. En s\u00e6rlig takk g\u00e5r til administrasjonen og til v\u00e5re faglederne, som har st\u00e5tt p\u00e5 gjennom hele perioden.<\/p>\n<p>Vi har oppn\u00e5dd mye sammen, og jeg vil gjerne l\u00f8fte frem noe av det vi har f\u00e5tt til:<\/p>\n<p>\u2013 Flytting av rettsmedisin til sykehuset<br \/>\n\u2013 Etablering av Bergen senter for medisinsk stamcelleforskning (K1\/IBM\/HUS)<br \/>\n\u2013 Bedre resultater i arbeidsmilj\u00f8unders\u00f8kelsen<br \/>\n\u2013 Oppstart av samlokalisering av Dyreavdelingen<br \/>\n\u2013 Frigjort om lag 300 m\u00b2 i laboratoriebygget (sammen med K2) til sykehuset<br \/>\n\u2013 Videreutvikling av v\u00e5re fag i Stavanger som del av Vestlandslegen<br \/>\n\u2013 Opprettholdt sv\u00e6rt god undervisningskvalitet<br \/>\n\u2013 Betydelig forbedring av \u00f8konomien, som n\u00e5 er i balanse<br \/>\n\u2013 Styrket forsknings- og innovasjonsaktivitet, blant annet med SFI-tildeling i desember 2025 og nytt EU-prosjekt i 2026<br \/>\n\u2013 \u00d8kende vitenskapelig produksjon, med 346 artikler i 2025, og stabil gjennomf\u00f8ring av 24\u201327 PhD\u2011grader \u00e5rlig<\/p>\n<p>Dette er resultater vi kan v\u00e6re stolte av. Takk til alle for innsatsen!<\/p>\n<p>Samtidig har K1 viktige m\u00e5l \u00e5 arbeide videre med:<\/p>\n<p>\u2013 Et fortsatt godt og inkluderende arbeidsmilj\u00f8<br \/>\n\u2013 H\u00f8y kvalitet i undervisning, forskning og innovasjon<br \/>\n\u2013 Godt og tett samarbeid med sykehuset<br \/>\n\u2013 Videre utbygging av undervisning i flercampusmodellen (Vestlandslegen) i F\u00f8rde og Haugesund<br \/>\n\u2013 Ferdigstillelse av samlokaliseringen av Dyreavdelingen, med utvidet undervisningstilbud<br \/>\n\u2013 Opprettholdelse av god \u00f8konomistyring<\/p>\n<p>K1 fikk h\u00f8yeste vurdering i Forskningsr\u00e5dets evaluering: The quality of research is overall assessed as outstanding, driven by excellent researchers across all career stages. Dette er en standard vi skal videref\u00f8re. Jeg er trygg p\u00e5 at K1 vil fortsette i medvind og m\u00f8te nye utfordringer p\u00e5 en god m\u00e5te.<\/p>\n<p>Selv blir jeg fortsatt en aktiv del av K1, men f\u00e5r n\u00e5 mer tid til undervisning og forskning innen nevrologi.<\/p>\n<p>Jeg h\u00e5per \u00e5 se flest mulig p\u00e5 Instituttets dag 12. mars. Programmet finner dere i K1\u2011nytt.<\/p>\n<p>Takk for meg som instituttleder, og riktig god helg til alle &#x1f60a;<\/p>\n<p>Christian<\/p>\n<p class=\"more-link-p\"><a class=\"more-link\" href=\"https:\/\/k1nytt.w.uib.no\/en\/2026\/03\/06\/kjaere-alle-sammen-56\/\">Read more &rarr;<\/a><\/p>","protected":false},"author":5051,"featured_media":14940,"comment_status":"open","ping_status":"open","sticky":false,"template":"","format":"standard","meta":{"footnotes":""},"categories":[73738],"tags":[],"class_list":["post-23875","post","type-post","status-publish","format-standard","has-post-thumbnail","hentry","category-leder"],"_links":{"self":[{"href":"https:\/\/k1nytt.w.uib.no\/en\/wp-json\/wp\/v2\/posts\/23875","targetHints":{"allow":["GET"]}}],"collection":[{"href":"https:\/\/k1nytt.w.uib.no\/en\/wp-json\/wp\/v2\/posts"}],"about":[{"href":"https:\/\/k1nytt.w.uib.no\/en\/wp-json\/wp\/v2\/types\/post"}],"author":[{"embeddable":true,"href":"https:\/\/k1nytt.w.uib.no\/en\/wp-json\/wp\/v2\/users\/5051"}],"replies":[{"embeddable":true,"href":"https:\/\/k1nytt.w.uib.no\/en\/wp-json\/wp\/v2\/comments?post=23875"}],"version-history":[{"count":5,"href":"https:\/\/k1nytt.w.uib.no\/en\/wp-json\/wp\/v2\/posts\/23875\/revisions"}],"predecessor-version":[{"id":23887,"href":"https:\/\/k1nytt.w.uib.no\/en\/wp-json\/wp\/v2\/posts\/23875\/revisions\/23887"}],"wp:featuredmedia":[{"embeddable":true,"href":"https:\/\/k1nytt.w.uib.no\/en\/wp-json\/wp\/v2\/media\/14940"}],"wp:attachment":[{"href":"https:\/\/k1nytt.w.uib.no\/en\/wp-json\/wp\/v2\/media?parent=23875"}],"wp:term":[{"taxonomy":"category","embeddable":true,"href":"https:\/\/k1nytt.w.uib.no\/en\/wp-json\/wp\/v2\/categories?post=23875"},{"taxonomy":"post_tag","embeddable":true,"href":"https:\/\/k1nytt.w.uib.no\/en\/wp-json\/wp\/v2\/tags?post=23875"}],"curies":[{"name":"wp","href":"https:\/\/api.w.org\/{rel}","templated":true}]}}