{"id":23940,"date":"2026-03-13T13:19:12","date_gmt":"2026-03-13T12:19:12","guid":{"rendered":"https:\/\/k1nytt.w.uib.no\/?p=23940"},"modified":"2026-03-17T07:40:28","modified_gmt":"2026-03-17T06:40:28","slug":"kjaere-alle-sammen-57","status":"publish","type":"post","link":"https:\/\/k1nytt.w.uib.no\/en\/2026\/03\/13\/kjaere-alle-sammen-57\/","title":{"rendered":"Kj\u00e6re alle sammen"},"content":{"rendered":"<p>Som ny instituttleder ved K1 og i min f\u00f8rste lederartikkel i K1\u2011nytt, vil jeg begynne med \u00e5 takke Christian Vedeler for hans viktige innsats som instituttleder gjennom de siste fire \u00e5rene. Perioden har v\u00e6rt krevende for universitets- og h\u00f8yskolesektoren, ogs\u00e5 for Det medisinske fakultet og K1, med betydelige reduksjoner i bevilgninger. P\u00e5 tross av dette har K1 klart \u00e5 opprettholde en omfattende og kvalitativt sterk utdanningsaktivitet. Forskningsaktiviteten ved K1 er i vekst, og ble av Forskningsr\u00e5det evaluert som kvalitativt \u00aboutstanding\u00bb. Ikke minst er \u00f8konomien ved K1, etter flere vanskelige \u00e5r, n\u00e5 i balanse, noe som gir et viktig handlingsrom for tiden som kommer.<\/p>\n\n\n\n<p>Christian har gitt gode r\u00e5s for K1 videre: et fortsatt inkluderende arbeidsmilj\u00f8, h\u00f8y kvalitet i utdanning, forskning og innovasjon, godt samarbeid med sykehuset, videre utvikling av Vestlandslegen i F\u00f8rde og Haugesund, fullf\u00f8ring av samlokaliseringen av Dyreavdelingen og fortsatt solid \u00f8konomistyring.<\/p>\n\n\n\n<p>K1\u2011dagen ble gjennomf\u00f8rt med et sterkt faglig program som viste bredden i instituttets virksomhet. PhD\u2011sesjonen b\u00f8d p\u00e5 solide presentasjoner som illustrerte spennvidden i forskningen ved K1. I undervisningsdelen fikk vi vite mer om Vestlandslegen fra b\u00e5de et makro- og et mikroperspektiv, og foredraget om menneskelig og kunstig intelligens var et fint avbrekk som ga tid til refleksjon. I innovasjonsbolken fikk et godt innblikk i nye forsknings- og utviklingsmilj\u00f8er ved instituttet, f\u00f8r dagen ble avrundet med viktige perspektiver p\u00e5 samarbeid mellom UiB og HUS. Middagen som fulgte ble ogs\u00e5 meget hyggelig. Det var en anledning til \u00e5 snakke sammen i et roligere tempo og m\u00f8te &laquo;nye&raquo; kolleger p\u00e5 tvers av fagmilj\u00f8ene, uten program og tidsrammer. Tusen takk til alle involverte og inverterte som bidro til at dagen ble s\u00e5 bra som vi hadde h\u00e5pet. <\/p>\n\n\n\n<p>Sammen med administrasjonssjef Cathrine vil jeg i tiden fremover bes\u00f8ke alle fagomr\u00e5dene ved instituttet. Vi ser frem til \u00e5 bli bedre kjent med K1s mange ansatte, l\u00e6re mer om deres arbeid og bidra til gode rammer for videre utvikling.<\/p>\n\n\n\n<p>Jeg gleder meg til samarbeidet med dere.<\/p>\n\n\n\n<p><\/p>\n\n\n\n<p>Vennlig hilsen <\/p>\n\n\n\n<p>Rune <\/p>\n\n\n\n<figure class=\"wp-block-image size-large\"><img loading=\"lazy\" decoding=\"async\" width=\"819\" height=\"1024\" src=\"https:\/\/k1nytt.w.uib.no\/files\/2026\/03\/IMG_1104-819x1024.jpg\" alt=\"\" class=\"wp-image-23958\" srcset=\"https:\/\/k1nytt.w.uib.no\/files\/2026\/03\/IMG_1104-819x1024.jpg 819w, https:\/\/k1nytt.w.uib.no\/files\/2026\/03\/IMG_1104-240x300.jpg 240w, https:\/\/k1nytt.w.uib.no\/files\/2026\/03\/IMG_1104-768x960.jpg 768w, https:\/\/k1nytt.w.uib.no\/files\/2026\/03\/IMG_1104-1229x1536.jpg 1229w, https:\/\/k1nytt.w.uib.no\/files\/2026\/03\/IMG_1104-1638x2048.jpg 1638w, https:\/\/k1nytt.w.uib.no\/files\/2026\/03\/IMG_1104-10x12.jpg 10w, https:\/\/k1nytt.w.uib.no\/files\/2026\/03\/IMG_1104-420x525.jpg 420w, https:\/\/k1nytt.w.uib.no\/files\/2026\/03\/IMG_1104-300x375.jpg 300w, https:\/\/k1nytt.w.uib.no\/files\/2026\/03\/IMG_1104-scaled.jpg 2048w\" sizes=\"auto, (max-width: 819px) 100vw, 819px\" \/><figcaption class=\"wp-element-caption\">K1-dagen: der fag, folk og forpleining endelig m\u00f8tes i perfekt balanse.<\/figcaption><\/figure>\n\n\n\n<figure class=\"wp-block-image size-large\"><img loading=\"lazy\" decoding=\"async\" width=\"819\" height=\"1024\" src=\"https:\/\/k1nytt.w.uib.no\/files\/2026\/03\/IMG_1092-819x1024.jpg\" alt=\"\" class=\"wp-image-23954\" srcset=\"https:\/\/k1nytt.w.uib.no\/files\/2026\/03\/IMG_1092-819x1024.jpg 819w, https:\/\/k1nytt.w.uib.no\/files\/2026\/03\/IMG_1092-240x300.jpg 240w, https:\/\/k1nytt.w.uib.no\/files\/2026\/03\/IMG_1092-768x960.jpg 768w, https:\/\/k1nytt.w.uib.no\/files\/2026\/03\/IMG_1092-1229x1536.jpg 1229w, https:\/\/k1nytt.w.uib.no\/files\/2026\/03\/IMG_1092-1638x2048.jpg 1638w, https:\/\/k1nytt.w.uib.no\/files\/2026\/03\/IMG_1092-10x12.jpg 10w, https:\/\/k1nytt.w.uib.no\/files\/2026\/03\/IMG_1092-420x525.jpg 420w, https:\/\/k1nytt.w.uib.no\/files\/2026\/03\/IMG_1092-300x375.jpg 300w, https:\/\/k1nytt.w.uib.no\/files\/2026\/03\/IMG_1092-scaled.jpg 2048w\" sizes=\"auto, (max-width: 819px) 100vw, 819px\" \/><figcaption class=\"wp-element-caption\">Flinke ph.d.-er med faglig finesse: Roya Mehrasa, Mariell Rivedal og Nj\u00e5l Lura.<\/figcaption><\/figure>\n\n\n\n<figure class=\"wp-block-image size-large\"><img loading=\"lazy\" decoding=\"async\" width=\"819\" height=\"1024\" src=\"https:\/\/k1nytt.w.uib.no\/files\/2026\/03\/IMG_1095-819x1024.jpg\" alt=\"\" class=\"wp-image-23951\" srcset=\"https:\/\/k1nytt.w.uib.no\/files\/2026\/03\/IMG_1095-819x1024.jpg 819w, https:\/\/k1nytt.w.uib.no\/files\/2026\/03\/IMG_1095-240x300.jpg 240w, https:\/\/k1nytt.w.uib.no\/files\/2026\/03\/IMG_1095-768x960.jpg 768w, https:\/\/k1nytt.w.uib.no\/files\/2026\/03\/IMG_1095-1229x1536.jpg 1229w, https:\/\/k1nytt.w.uib.no\/files\/2026\/03\/IMG_1095-1638x2048.jpg 1638w, https:\/\/k1nytt.w.uib.no\/files\/2026\/03\/IMG_1095-10x12.jpg 10w, https:\/\/k1nytt.w.uib.no\/files\/2026\/03\/IMG_1095-420x525.jpg 420w, https:\/\/k1nytt.w.uib.no\/files\/2026\/03\/IMG_1095-300x375.jpg 300w, https:\/\/k1nytt.w.uib.no\/files\/2026\/03\/IMG_1095-scaled.jpg 2048w\" sizes=\"auto, (max-width: 819px) 100vw, 819px\" \/><figcaption class=\"wp-element-caption\">Fint folk fra fakultetet: Gottfried Greve, Harald Wiker og Monika Kvernenes.<\/figcaption><\/figure>\n\n\n\n<figure class=\"wp-block-image size-large\"><img loading=\"lazy\" decoding=\"async\" width=\"1024\" height=\"1024\" src=\"https:\/\/k1nytt.w.uib.no\/files\/2026\/03\/IMG_1101-1024x1024.jpg\" alt=\"\" class=\"wp-image-23956\" srcset=\"https:\/\/k1nytt.w.uib.no\/files\/2026\/03\/IMG_1101-1024x1024.jpg 1024w, https:\/\/k1nytt.w.uib.no\/files\/2026\/03\/IMG_1101-300x300.jpg 300w, https:\/\/k1nytt.w.uib.no\/files\/2026\/03\/IMG_1101-150x150.jpg 150w, https:\/\/k1nytt.w.uib.no\/files\/2026\/03\/IMG_1101-768x768.jpg 768w, https:\/\/k1nytt.w.uib.no\/files\/2026\/03\/IMG_1101-1536x1536.jpg 1536w, https:\/\/k1nytt.w.uib.no\/files\/2026\/03\/IMG_1101-2048x2048.jpg 2048w, https:\/\/k1nytt.w.uib.no\/files\/2026\/03\/IMG_1101-12x12.jpg 12w, https:\/\/k1nytt.w.uib.no\/files\/2026\/03\/IMG_1101-420x420.jpg 420w\" sizes=\"auto, (max-width: 1024px) 100vw, 1024px\" \/><figcaption class=\"wp-element-caption\">Fra <a href=\"https:\/\/uib.no\/isp\">Institutt for samfunnspsykologi<\/a> Bj\u00f8rn S\u00e6trevik fortalt om Menneskelig og kunstig intelligens<\/figcaption><\/figure>\n\n\n\n<figure class=\"wp-block-image size-large\"><img loading=\"lazy\" decoding=\"async\" width=\"819\" height=\"1024\" src=\"https:\/\/k1nytt.w.uib.no\/files\/2026\/03\/IMG_1097-819x1024.jpg\" alt=\"\" class=\"wp-image-23952\" srcset=\"https:\/\/k1nytt.w.uib.no\/files\/2026\/03\/IMG_1097-819x1024.jpg 819w, https:\/\/k1nytt.w.uib.no\/files\/2026\/03\/IMG_1097-240x300.jpg 240w, https:\/\/k1nytt.w.uib.no\/files\/2026\/03\/IMG_1097-768x960.jpg 768w, https:\/\/k1nytt.w.uib.no\/files\/2026\/03\/IMG_1097-1229x1536.jpg 1229w, https:\/\/k1nytt.w.uib.no\/files\/2026\/03\/IMG_1097-1638x2048.jpg 1638w, https:\/\/k1nytt.w.uib.no\/files\/2026\/03\/IMG_1097-10x12.jpg 10w, https:\/\/k1nytt.w.uib.no\/files\/2026\/03\/IMG_1097-420x525.jpg 420w, https:\/\/k1nytt.w.uib.no\/files\/2026\/03\/IMG_1097-300x375.jpg 300w, https:\/\/k1nytt.w.uib.no\/files\/2026\/03\/IMG_1097-scaled.jpg 2048w\" sizes=\"auto, (max-width: 819px) 100vw, 819px\" \/><figcaption class=\"wp-element-caption\">Erik Johnsen, Yamila Cleuren og Novin Balafkan engasjerte med innovasjonell innstikt<\/figcaption><\/figure>\n\n\n\n<figure class=\"wp-block-image size-large\"><img loading=\"lazy\" decoding=\"async\" width=\"819\" height=\"1024\" src=\"https:\/\/k1nytt.w.uib.no\/files\/2026\/03\/IMG_1098-819x1024.jpg\" alt=\"\" class=\"wp-image-23953\" srcset=\"https:\/\/k1nytt.w.uib.no\/files\/2026\/03\/IMG_1098-819x1024.jpg 819w, https:\/\/k1nytt.w.uib.no\/files\/2026\/03\/IMG_1098-240x300.jpg 240w, https:\/\/k1nytt.w.uib.no\/files\/2026\/03\/IMG_1098-768x960.jpg 768w, https:\/\/k1nytt.w.uib.no\/files\/2026\/03\/IMG_1098-1229x1536.jpg 1229w, https:\/\/k1nytt.w.uib.no\/files\/2026\/03\/IMG_1098-1638x2048.jpg 1638w, https:\/\/k1nytt.w.uib.no\/files\/2026\/03\/IMG_1098-10x12.jpg 10w, https:\/\/k1nytt.w.uib.no\/files\/2026\/03\/IMG_1098-420x525.jpg 420w, https:\/\/k1nytt.w.uib.no\/files\/2026\/03\/IMG_1098-300x375.jpg 300w, https:\/\/k1nytt.w.uib.no\/files\/2026\/03\/IMG_1098-scaled.jpg 2048w\" sizes=\"auto, (max-width: 819px) 100vw, 819px\" \/><figcaption class=\"wp-element-caption\">Clara Gjesdal og Kjell Morten Myhr om kunsten \u00e5 samarbeide p\u00e5 tvers \u2013 om n\u00e5r det trengs litt pynting av bruda, og n\u00e5r sm\u00e5stein ikke er greit<\/figcaption><\/figure>\n\n\n\n<figure class=\"wp-block-image size-large\"><img loading=\"lazy\" decoding=\"async\" width=\"819\" height=\"1024\" src=\"https:\/\/k1nytt.w.uib.no\/files\/2026\/03\/IMG_1096-1-819x1024.jpg\" alt=\"\" class=\"wp-image-23970\" srcset=\"https:\/\/k1nytt.w.uib.no\/files\/2026\/03\/IMG_1096-1-819x1024.jpg 819w, https:\/\/k1nytt.w.uib.no\/files\/2026\/03\/IMG_1096-1-240x300.jpg 240w, https:\/\/k1nytt.w.uib.no\/files\/2026\/03\/IMG_1096-1-768x960.jpg 768w, https:\/\/k1nytt.w.uib.no\/files\/2026\/03\/IMG_1096-1-1229x1536.jpg 1229w, https:\/\/k1nytt.w.uib.no\/files\/2026\/03\/IMG_1096-1-1638x2048.jpg 1638w, https:\/\/k1nytt.w.uib.no\/files\/2026\/03\/IMG_1096-1-10x12.jpg 10w, https:\/\/k1nytt.w.uib.no\/files\/2026\/03\/IMG_1096-1-420x525.jpg 420w, https:\/\/k1nytt.w.uib.no\/files\/2026\/03\/IMG_1096-1-300x375.jpg 300w, https:\/\/k1nytt.w.uib.no\/files\/2026\/03\/IMG_1096-1-scaled.jpg 2048w\" sizes=\"auto, (max-width: 819px) 100vw, 819px\" \/><\/figure>\n\n\n\n<figure class=\"wp-block-image size-large\"><img loading=\"lazy\" decoding=\"async\" width=\"1024\" height=\"1024\" src=\"https:\/\/k1nytt.w.uib.no\/files\/2026\/03\/IMG_1102-1024x1024.jpg\" alt=\"\" class=\"wp-image-23957\" srcset=\"https:\/\/k1nytt.w.uib.no\/files\/2026\/03\/IMG_1102-1024x1024.jpg 1024w, https:\/\/k1nytt.w.uib.no\/files\/2026\/03\/IMG_1102-300x300.jpg 300w, https:\/\/k1nytt.w.uib.no\/files\/2026\/03\/IMG_1102-150x150.jpg 150w, https:\/\/k1nytt.w.uib.no\/files\/2026\/03\/IMG_1102-768x768.jpg 768w, https:\/\/k1nytt.w.uib.no\/files\/2026\/03\/IMG_1102-1536x1536.jpg 1536w, https:\/\/k1nytt.w.uib.no\/files\/2026\/03\/IMG_1102-2048x2048.jpg 2048w, https:\/\/k1nytt.w.uib.no\/files\/2026\/03\/IMG_1102-12x12.jpg 12w, https:\/\/k1nytt.w.uib.no\/files\/2026\/03\/IMG_1102-420x420.jpg 420w\" sizes=\"auto, (max-width: 1024px) 100vw, 1024px\" \/><figcaption class=\"wp-element-caption\">Oppsummering av dagen og en klassisk takk\u2011for\u2011maten\u2011tale, akkurat den avslutningen K1\u2011dagen fortjente.<\/figcaption><\/figure>","protected":false},"excerpt":{"rendered":"<p>Som ny instituttleder ved K1 og i min f\u00f8rste lederartikkel i K1\u2011nytt, vil jeg begynne med \u00e5 takke Christian Vedeler for hans viktige innsats som instituttleder gjennom de siste fire \u00e5rene. Perioden har v\u00e6rt krevende for universitets- og h\u00f8yskolesektoren, ogs\u00e5 for Det medisinske fakultet og K1, med betydelige reduksjoner i bevilgninger. P\u00e5 tross av dette har K1 klart \u00e5 opprettholde en omfattende og kvalitativt sterk utdanningsaktivitet. Forskningsaktiviteten ved K1 er i vekst, og ble av Forskningsr\u00e5det evaluert som kvalitativt \u00aboutstanding\u00bb. Ikke minst er \u00f8konomien ved K1, etter flere vanskelige \u00e5r, n\u00e5 i balanse, noe som gir et viktig handlingsrom for tiden som kommer.<\/p>\n<p>Christian har gitt gode r\u00e5s for K1 videre: et fortsatt inkluderende arbeidsmilj\u00f8, h\u00f8y kvalitet i utdanning, forskning og innovasjon, godt samarbeid med sykehuset, videre utvikling av Vestlandslegen i F\u00f8rde og Haugesund, fullf\u00f8ring av samlokaliseringen av Dyreavdelingen og fortsatt solid \u00f8konomistyring.<\/p>\n<p>K1\u2011dagen ble gjennomf\u00f8rt med et sterkt faglig program som viste bredden i instituttets virksomhet. PhD\u2011sesjonen b\u00f8d p\u00e5 solide presentasjoner som illustrerte spennvidden i forskningen ved K1. I undervisningsdelen fikk vi vite mer om Vestlandslegen fra b\u00e5de et makro- og et mikroperspektiv, og foredraget om menneskelig og kunstig intelligens var et fint avbrekk som ga tid til refleksjon. I innovasjonsbolken fikk et godt innblikk i nye forsknings- og utviklingsmilj\u00f8er ved instituttet, f\u00f8r dagen ble avrundet med viktige perspektiver p\u00e5 samarbeid mellom UiB og HUS. Middagen som fulgte ble ogs\u00e5 meget hyggelig. Det var en anledning til \u00e5 snakke sammen i et roligere tempo og m\u00f8te &laquo;nye&raquo; kolleger p\u00e5 tvers av fagmilj\u00f8ene, uten program og tidsrammer. Tusen takk til alle involverte og inverterte som bidro til at dagen ble s\u00e5 bra som vi hadde h\u00e5pet. <\/p>\n<p>Sammen med administrasjonssjef Cathrine vil jeg i tiden fremover bes\u00f8ke alle fagomr\u00e5dene ved instituttet. Vi ser frem til \u00e5 bli bedre kjent med K1s mange ansatte, l\u00e6re mer om deres arbeid og bidra til gode rammer for videre utvikling.<\/p>\n<p>Jeg gleder meg til samarbeidet med dere.<\/p>\n<p>Vennlig hilsen <\/p>\n<p>Rune<\/p>\n<p>Les mer for \u00e5 se bilder fra K1-dagen.<\/p>\n<p class=\"more-link-p\"><a class=\"more-link\" href=\"https:\/\/k1nytt.w.uib.no\/en\/2026\/03\/13\/kjaere-alle-sammen-57\/\">Read more &rarr;<\/a><\/p>","protected":false},"author":5051,"featured_media":23942,"comment_status":"open","ping_status":"open","sticky":false,"template":"","format":"standard","meta":{"footnotes":""},"categories":[73738],"tags":[],"class_list":["post-23940","post","type-post","status-publish","format-standard","has-post-thumbnail","hentry","category-leder"],"_links":{"self":[{"href":"https:\/\/k1nytt.w.uib.no\/en\/wp-json\/wp\/v2\/posts\/23940","targetHints":{"allow":["GET"]}}],"collection":[{"href":"https:\/\/k1nytt.w.uib.no\/en\/wp-json\/wp\/v2\/posts"}],"about":[{"href":"https:\/\/k1nytt.w.uib.no\/en\/wp-json\/wp\/v2\/types\/post"}],"author":[{"embeddable":true,"href":"https:\/\/k1nytt.w.uib.no\/en\/wp-json\/wp\/v2\/users\/5051"}],"replies":[{"embeddable":true,"href":"https:\/\/k1nytt.w.uib.no\/en\/wp-json\/wp\/v2\/comments?post=23940"}],"version-history":[{"count":12,"href":"https:\/\/k1nytt.w.uib.no\/en\/wp-json\/wp\/v2\/posts\/23940\/revisions"}],"predecessor-version":[{"id":23973,"href":"https:\/\/k1nytt.w.uib.no\/en\/wp-json\/wp\/v2\/posts\/23940\/revisions\/23973"}],"wp:featuredmedia":[{"embeddable":true,"href":"https:\/\/k1nytt.w.uib.no\/en\/wp-json\/wp\/v2\/media\/23942"}],"wp:attachment":[{"href":"https:\/\/k1nytt.w.uib.no\/en\/wp-json\/wp\/v2\/media?parent=23940"}],"wp:term":[{"taxonomy":"category","embeddable":true,"href":"https:\/\/k1nytt.w.uib.no\/en\/wp-json\/wp\/v2\/categories?post=23940"},{"taxonomy":"post_tag","embeddable":true,"href":"https:\/\/k1nytt.w.uib.no\/en\/wp-json\/wp\/v2\/tags?post=23940"}],"curies":[{"name":"wp","href":"https:\/\/api.w.org\/{rel}","templated":true}]}}