{"id":2528,"date":"2016-12-02T18:27:24","date_gmt":"2016-12-02T16:27:24","guid":{"rendered":"http:\/\/k1nytt.w.uib.no\/?p=2528"},"modified":"2016-12-02T18:28:06","modified_gmt":"2016-12-02T16:28:06","slug":"instituttets-dag-2017","status":"publish","type":"post","link":"https:\/\/k1nytt.w.uib.no\/en\/2016\/12\/02\/instituttets-dag-2017\/","title":{"rendered":"Instituttets dag 2017"},"content":{"rendered":"<p>Takk til alle dere om lag 80 fine folk som p\u00e5 ulikt vis deltok p\u00e5 Instituttets dag i g\u00e5r. Dere var med p\u00e5 \u00e5 gj\u00f8re arrangementet til en flott dag! Innleggene var gode, varierte og interessante. Det var spennende \u00e5 f\u00e5 n\u00e6rmere kjennskap til forsknings- og undervisningsaktiviteter ved eget institutt og fakultet. Ved helseforetakene, HUS og SUS, er det nye og spennende ting p\u00e5 gang. SUS setter snart spaden i jorden for \u00e5 bygge et helt nytt sykehus og ved HUS blir det et nytt senter for medisinsk visualisering. Og ikke minst var det kjekt \u00e5 m\u00f8te kollegaer som vi sjelden f\u00e5r anledning til \u00e5 treffe. Dette er en viktig arena for \u00e5 bygge fellesskap og bli bedre kjent.<\/p>\n<p>Instituttets dag er en flott \u00e5rlig begivenhet for K1 og vi \u00f8nsker alle velkommen til nytt arrangement i 2017.<\/p>\n<p>Jorunn Skei<br \/>\nAdministrasjonssjef<\/p>\n<p><img loading=\"lazy\" decoding=\"async\" class=\"alignnone size-full wp-image-2538\" src=\"http:\/\/k1nytt.w.uib.no\/files\/2016\/12\/Instituttetsdag.jpg\" alt=\"instituttetsdag\" width=\"1307\" height=\"814\" srcset=\"https:\/\/k1nytt.w.uib.no\/files\/2016\/12\/Instituttetsdag.jpg 1307w, https:\/\/k1nytt.w.uib.no\/files\/2016\/12\/Instituttetsdag-300x187.jpg 300w, https:\/\/k1nytt.w.uib.no\/files\/2016\/12\/Instituttetsdag-768x478.jpg 768w, https:\/\/k1nytt.w.uib.no\/files\/2016\/12\/Instituttetsdag-1024x638.jpg 1024w\" sizes=\"auto, (max-width: 1307px) 100vw, 1307px\" \/><\/p>","protected":false},"excerpt":{"rendered":"<p>Takk til alle dere om lag 80 fine folk som p\u00e5 ulikt vis deltok p\u00e5 Instituttets dag i g\u00e5r. Dere var med p\u00e5 \u00e5 gj\u00f8re arrangementet til en flott dag! Innleggene var gode, varierte og interessante. Det var spennende \u00e5&hellip;<\/p>\n<p class=\"more-link-p\"><a class=\"more-link\" href=\"https:\/\/k1nytt.w.uib.no\/en\/2016\/12\/02\/instituttets-dag-2017\/\">Read more &rarr;<\/a><\/p>","protected":false},"author":3572,"featured_media":0,"comment_status":"open","ping_status":"open","sticky":false,"template":"","format":"standard","meta":{"footnotes":""},"categories":[47],"tags":[],"class_list":["post-2528","post","type-post","status-publish","format-standard","hentry","category-nyhet"],"_links":{"self":[{"href":"https:\/\/k1nytt.w.uib.no\/en\/wp-json\/wp\/v2\/posts\/2528","targetHints":{"allow":["GET"]}}],"collection":[{"href":"https:\/\/k1nytt.w.uib.no\/en\/wp-json\/wp\/v2\/posts"}],"about":[{"href":"https:\/\/k1nytt.w.uib.no\/en\/wp-json\/wp\/v2\/types\/post"}],"author":[{"embeddable":true,"href":"https:\/\/k1nytt.w.uib.no\/en\/wp-json\/wp\/v2\/users\/3572"}],"replies":[{"embeddable":true,"href":"https:\/\/k1nytt.w.uib.no\/en\/wp-json\/wp\/v2\/comments?post=2528"}],"version-history":[{"count":3,"href":"https:\/\/k1nytt.w.uib.no\/en\/wp-json\/wp\/v2\/posts\/2528\/revisions"}],"predecessor-version":[{"id":2539,"href":"https:\/\/k1nytt.w.uib.no\/en\/wp-json\/wp\/v2\/posts\/2528\/revisions\/2539"}],"wp:attachment":[{"href":"https:\/\/k1nytt.w.uib.no\/en\/wp-json\/wp\/v2\/media?parent=2528"}],"wp:term":[{"taxonomy":"category","embeddable":true,"href":"https:\/\/k1nytt.w.uib.no\/en\/wp-json\/wp\/v2\/categories?post=2528"},{"taxonomy":"post_tag","embeddable":true,"href":"https:\/\/k1nytt.w.uib.no\/en\/wp-json\/wp\/v2\/tags?post=2528"}],"curies":[{"name":"wp","href":"https:\/\/api.w.org\/{rel}","templated":true}]}}