{"id":2880,"date":"2017-01-13T16:38:06","date_gmt":"2017-01-13T14:38:06","guid":{"rendered":"http:\/\/k1nytt.w.uib.no\/?p=2880"},"modified":"2017-01-13T16:38:06","modified_gmt":"2017-01-13T14:38:06","slug":"apningsseminar-senter-for-ernaering","status":"publish","type":"post","link":"https:\/\/k1nytt.w.uib.no\/en\/2017\/01\/13\/apningsseminar-senter-for-ernaering\/","title":{"rendered":"\u00c5pningsseminar Senter for ern\u00e6ring"},"content":{"rendered":"<h5>Meld deg p\u00e5 \u00e5pningsseminar for Senter for ern\u00e6ring 30. januar<\/h5>\n<p><img loading=\"lazy\" decoding=\"async\" class=\"alignnone wp-image-2881\" src=\"http:\/\/k1nytt.w.uib.no\/files\/2017\/01\/logo_uib-300x297.png\" alt=\"logo_uib\" width=\"225\" height=\"223\" srcset=\"https:\/\/k1nytt.w.uib.no\/files\/2017\/01\/logo_uib-300x297.png 300w, https:\/\/k1nytt.w.uib.no\/files\/2017\/01\/logo_uib-150x150.png 150w, https:\/\/k1nytt.w.uib.no\/files\/2017\/01\/logo_uib.png 576w\" sizes=\"auto, (max-width: 225px) 100vw, 225px\" \/><\/p>\n<p>Klinisk institutt 1, Det medisinsk-odontologiske fakultetet, ved Universitetet i Bergen har gleden av \u00e5 invitere til \u00e5pningsseminar for nyopprettet Senter for ern\u00e6ring den <strong>30.01.2017 kl.10-16<\/strong>, i Store auditorium (4601), Sentralblokken Haukeland Universitetssjukehus.<\/p>\n<p style=\"text-align: left\" align=\"center\"><strong>P\u00e5melding her:<\/strong><br \/>\n<strong> <a href=\"https:\/\/skjemaker.app.uib.no\/view.php?id=2943419\" target=\"_blank\">https:\/\/skjemaker.app.uib.no\/view.php?id=2943419<\/a><\/strong><\/p>\n<p style=\"text-align: left\" align=\"center\">Senter for ern\u00e6ring skal knytte sammen forskningsgrupper og forskere knyttet til ern\u00e6ring i Vest-Norge. Senteret vil ha forskning som sin hovedoppgave, og vil bli en st\u00f8tte b\u00e5de for utdanning og formidling. \u00c5pningsseminaret vil best\u00e5 av velkomst fra UiB sentralt, korte foredrag med aktuell ern\u00e6ringsrettet forskning, mingling og lunsj.<\/p>\n<p style=\"text-align: left\">Senterleder,<br \/>\nProf. G\u00fclen Arslan Lied,<br \/>\n<a href=\"mailto:Gulen.Arslan@uib.no\"><u><span style=\"color: #0066cc\">Gulen.Arslan@uib.no<\/span><\/u><\/a><\/p>","protected":false},"excerpt":{"rendered":"<p>Meld deg p\u00e5 \u00e5pningsseminar for Senter for ern\u00e6ring 30. januar Klinisk institutt 1, Det medisinsk-odontologiske fakultetet, ved Universitetet i Bergen har gleden av \u00e5 invitere til \u00e5pningsseminar for nyopprettet Senter for ern\u00e6ring den 30.01.2017 kl.10-16, i Store auditorium (4601), Sentralblokken&hellip;<\/p>\n<p class=\"more-link-p\"><a class=\"more-link\" href=\"https:\/\/k1nytt.w.uib.no\/en\/2017\/01\/13\/apningsseminar-senter-for-ernaering\/\">Read more &rarr;<\/a><\/p>","protected":false},"author":3572,"featured_media":0,"comment_status":"open","ping_status":"open","sticky":false,"template":"","format":"standard","meta":{"footnotes":""},"categories":[1219],"tags":[],"class_list":["post-2880","post","type-post","status-publish","format-standard","hentry","category-forskning"],"_links":{"self":[{"href":"https:\/\/k1nytt.w.uib.no\/en\/wp-json\/wp\/v2\/posts\/2880","targetHints":{"allow":["GET"]}}],"collection":[{"href":"https:\/\/k1nytt.w.uib.no\/en\/wp-json\/wp\/v2\/posts"}],"about":[{"href":"https:\/\/k1nytt.w.uib.no\/en\/wp-json\/wp\/v2\/types\/post"}],"author":[{"embeddable":true,"href":"https:\/\/k1nytt.w.uib.no\/en\/wp-json\/wp\/v2\/users\/3572"}],"replies":[{"embeddable":true,"href":"https:\/\/k1nytt.w.uib.no\/en\/wp-json\/wp\/v2\/comments?post=2880"}],"version-history":[{"count":13,"href":"https:\/\/k1nytt.w.uib.no\/en\/wp-json\/wp\/v2\/posts\/2880\/revisions"}],"predecessor-version":[{"id":3025,"href":"https:\/\/k1nytt.w.uib.no\/en\/wp-json\/wp\/v2\/posts\/2880\/revisions\/3025"}],"wp:attachment":[{"href":"https:\/\/k1nytt.w.uib.no\/en\/wp-json\/wp\/v2\/media?parent=2880"}],"wp:term":[{"taxonomy":"category","embeddable":true,"href":"https:\/\/k1nytt.w.uib.no\/en\/wp-json\/wp\/v2\/categories?post=2880"},{"taxonomy":"post_tag","embeddable":true,"href":"https:\/\/k1nytt.w.uib.no\/en\/wp-json\/wp\/v2\/tags?post=2880"}],"curies":[{"name":"wp","href":"https:\/\/api.w.org\/{rel}","templated":true}]}}