{"id":4160,"date":"2017-04-07T15:42:28","date_gmt":"2017-04-07T13:42:28","guid":{"rendered":"http:\/\/k1nytt.w.uib.no\/?p=4160"},"modified":"2017-04-07T23:37:32","modified_gmt":"2017-04-07T21:37:32","slug":"hms-hjornet-14","status":"publish","type":"post","link":"https:\/\/k1nytt.w.uib.no\/en\/2017\/04\/07\/hms-hjornet-14\/","title":{"rendered":"HMS-hj\u00f8rnet"},"content":{"rendered":"<p><img loading=\"lazy\" decoding=\"async\" class=\"alignnone wp-image-1287 alignright\" src=\"http:\/\/k1nytt.w.uib.no\/files\/2016\/09\/eksponering.jpg\" alt=\"eksponering\" width=\"251\" height=\"174\" \/>Dette hj\u00f8rnet omhandler alt som ber\u00f8rer arbeidsmilj\u00f8et ved K1. Her blir dere presentert for nyheter, HMS-handlingsplanen ved K1, n\u00e5r det er vernerunder, arbeidsmilj\u00f8unders\u00f8kelser etc. Alle er velkommen med innspill til dette hj\u00f8rnet!<\/p>\n<h4>ARK-unders\u00f8kelse<\/h4>\n<p>Arbeidsmilj\u00f8- og klimaunders\u00f8kelser (ARK) skal gjennomf\u00f8res ved samtlige fakultet\/avdelinger ved UiB. For MOF planlegges det forberedelser f\u00f8r sommeren og gjennomf\u00f8ring av unders\u00f8kelsen h\u00f8sten 2017. Mer informasjon vil komme etter hvert. Les mer om unders\u00f8kelsen p\u00e5 <a href=\"http:\/\/www.uib.no\/hms-portalen\/82045\/arbeidsmilj%C3%B8-og-klimaunders%C3%B8kelser-ark\" target=\"_blank\">UiBs HMS-portal.<\/a><\/p>\n<p><img loading=\"lazy\" decoding=\"async\" class=\"alignnone wp-image-4177\" src=\"http:\/\/k1nytt.w.uib.no\/files\/2017\/04\/ark_logo_0.jpg\" alt=\"ark_logo_0\" width=\"309\" height=\"158\" \/><\/p>\n<p><strong>Verneombud ved K1 for perioden 2017-2018<\/strong>:<\/p>\n<ul>\n<li><a href=\"http:\/\/www.uib.no\/personer\/Lise.Sk%C3%A5lvik.Amble\" target=\"_blank\"><span style=\"color: #1664bc\"><u>Lise Sk\u00e5lvik Amble<\/u><\/span><\/a>, vara: <a href=\"http:\/\/www.uib.no\/personer\/Asta.Optun\"><span style=\"color: #0066cc\"><u>Asta Optun<\/u><\/span><\/a>\u00a0(administrasjon og vitenskapelige stillinger)<\/li>\n<li><a href=\"http:\/\/www.uib.no\/personer\/Suzanne.Ledahl\"><span style=\"color: #0066cc\"><u>Suzanne Ledahl<\/u><\/span><\/a>, vara: <a href=\"http:\/\/www.uib.no\/personer\/Karen.Marie.Egeland\" target=\"_blank\"><span style=\"color: #1664bc\"><u>Karen Marie Egeland<\/u><\/span><\/a> (Vivariet)<\/li>\n<li><a href=\"http:\/\/www.uib.no\/personer\/Hanne.Linda.Nakkestad\" target=\"_blank\"><span style=\"color: #0066cc\"><u>Hanne Linda Nakkestad<\/u><\/span><\/a>, vara: <a href=\"http:\/\/www.uib.no\/personer\/Asta.Optun\"><span style=\"color: #0066cc\"><u>Asta Optun<\/u><\/span><\/a>\u00a0(Lab\/teknisk)<\/li>\n<\/ul>\n<p><strong>HMS-h\u00e5ndbok <\/strong><br \/>\nAlle ansatte ved K1 er pliktig til \u00e5 lese <a href=\"http:\/\/vedlegg.uib.no\/?id=c46eb1c94257ec913157fab883446fca\" target=\"_blank\"><span style=\"color: #0066cc\"><u>HMS-h\u00e5ndboken.<\/u><\/span><\/a><\/p>\n<p><strong>Beredskapsperm<br \/>\n<\/strong>En beredskapsperm for Det medisinsk-odontologiske fakultet finnes i ekspedisjonen i 7. etg.<\/p>\n<p><img loading=\"lazy\" decoding=\"async\" class=\"alignnone wp-image-1913\" src=\"http:\/\/k1nytt.w.uib.no\/files\/2016\/10\/beredskapsperm-1024x576.jpg\" alt=\"beredskapsperm\" width=\"444\" height=\"254\" \/><strong><br \/>\n<\/strong><\/p>\n<p><strong>Eksponeringsregisteret <\/strong><br \/>\nHMS-avdelingen har informasjonskurs i eksponeringsregisteret som de\u00a0arrangerer ved behov. Det er viktig at dere som arbeider med kreftfremkallende kjemikalier vet hvordan dere skal registrere dere.<\/p>\n<p>En oversikt over aktuelle\u00a0HMS-kurs\u00a0finner du <a href=\"http:\/\/www.uib.no\/hms-portalen\/73725\/hms-kompetanse\" target=\"_blank\"><span style=\"color: #0066cc\"><u>her<\/u><\/span><\/a>.<\/p>\n<p><strong>Les mer om HMS p\u00e5 UiB sin <a href=\"http:\/\/www.uib.no\/hms-portalen\" target=\"_blank\"><span style=\"color: #0066cc\"><u>HMS-portal<\/u><\/span><\/a>.<\/strong><\/p>","protected":false},"excerpt":{"rendered":"<p>Dette hj\u00f8rnet omhandler alt som ber\u00f8rer arbeidsmilj\u00f8et ved K1. Her blir dere presentert for nyheter, HMS-handlingsplanen ved K1, n\u00e5r det er vernerunder, arbeidsmilj\u00f8unders\u00f8kelser etc. Alle er velkommen med innspill til dette hj\u00f8rnet! ARK-unders\u00f8kelse Arbeidsmilj\u00f8- og klimaunders\u00f8kelser (ARK) skal gjennomf\u00f8res ved&hellip;<\/p>\n<p class=\"more-link-p\"><a class=\"more-link\" href=\"https:\/\/k1nytt.w.uib.no\/en\/2017\/04\/07\/hms-hjornet-14\/\">Read more &rarr;<\/a><\/p>","protected":false},"author":3572,"featured_media":0,"comment_status":"open","ping_status":"open","sticky":false,"template":"","format":"standard","meta":{"footnotes":""},"categories":[39955],"tags":[],"class_list":["post-4160","post","type-post","status-publish","format-standard","hentry","category-hms"],"_links":{"self":[{"href":"https:\/\/k1nytt.w.uib.no\/en\/wp-json\/wp\/v2\/posts\/4160","targetHints":{"allow":["GET"]}}],"collection":[{"href":"https:\/\/k1nytt.w.uib.no\/en\/wp-json\/wp\/v2\/posts"}],"about":[{"href":"https:\/\/k1nytt.w.uib.no\/en\/wp-json\/wp\/v2\/types\/post"}],"author":[{"embeddable":true,"href":"https:\/\/k1nytt.w.uib.no\/en\/wp-json\/wp\/v2\/users\/3572"}],"replies":[{"embeddable":true,"href":"https:\/\/k1nytt.w.uib.no\/en\/wp-json\/wp\/v2\/comments?post=4160"}],"version-history":[{"count":10,"href":"https:\/\/k1nytt.w.uib.no\/en\/wp-json\/wp\/v2\/posts\/4160\/revisions"}],"predecessor-version":[{"id":4224,"href":"https:\/\/k1nytt.w.uib.no\/en\/wp-json\/wp\/v2\/posts\/4160\/revisions\/4224"}],"wp:attachment":[{"href":"https:\/\/k1nytt.w.uib.no\/en\/wp-json\/wp\/v2\/media?parent=4160"}],"wp:term":[{"taxonomy":"category","embeddable":true,"href":"https:\/\/k1nytt.w.uib.no\/en\/wp-json\/wp\/v2\/categories?post=4160"},{"taxonomy":"post_tag","embeddable":true,"href":"https:\/\/k1nytt.w.uib.no\/en\/wp-json\/wp\/v2\/tags?post=4160"}],"curies":[{"name":"wp","href":"https:\/\/api.w.org\/{rel}","templated":true}]}}