{"id":6852,"date":"2018-02-16T09:30:27","date_gmt":"2018-02-16T07:30:27","guid":{"rendered":"http:\/\/k1nytt.w.uib.no\/?p=6852"},"modified":"2018-02-16T09:55:31","modified_gmt":"2018-02-16T07:55:31","slug":"velferdstilbud-4","status":"publish","type":"post","link":"https:\/\/k1nytt.w.uib.no\/en\/2018\/02\/16\/velferdstilbud-4\/","title":{"rendered":"Velferdstilbud"},"content":{"rendered":"<p><strong>\u00abFAR\u00bb \u2013 R\u00f8rende, lunt og engasjerende om minner som forsvinner<\/strong><\/p>\n<p><img loading=\"lazy\" decoding=\"async\" class=\"size-full wp-image-6853 alignleft\" src=\"http:\/\/k1nytt.w.uib.no\/files\/2018\/02\/velferdstilbud.jpg\" alt=\"\" width=\"434\" height=\"298\" srcset=\"https:\/\/k1nytt.w.uib.no\/files\/2018\/02\/velferdstilbud.jpg 434w, https:\/\/k1nytt.w.uib.no\/files\/2018\/02\/velferdstilbud-300x206.jpg 300w\" sizes=\"auto, (max-width: 434px) 100vw, 434px\" \/><\/p>\n<p>&nbsp;<\/p>\n<p>&nbsp;<\/p>\n<p>&nbsp;<\/p>\n<p>&nbsp;<\/p>\n<p>&nbsp;<\/p>\n<p>&nbsp;<\/p>\n<p>&nbsp;<\/p>\n<p>Ansikt, navn, tid og sted blandes sammen i Andr\u00e9s hode \u2013 det er noe som ikke stemmer.<br \/>\nHar jeg v\u00e6rt steppedanser eller ingeni\u00f8r? Hvorfor pr\u00f8ver min datter \u00e5 lure meg, skulle hun ikke flytte utenbys?<br \/>\nHva gj\u00f8r den fremmede kvinnen i huset mitt, og hvem er klokketyven?<br \/>\n\u00abFar\u00bb gir et r\u00f8rende og engasjerende innblikk i hvordan det oppleves \u00e5 miste taket p\u00e5 virkeligheten,<br \/>\nog den forvirringen som oppst\u00e5r n\u00e5r man ikke kjenner igjen spr\u00e5k, steder og mennesker. Forestillingen er en tragisk, men samtidig lun, skildring av hvordan en mann sakte men sikkert mister grep om virkeligheten gjennom sykdommen, og en datters kamp om\u00a0\u00e5 balansere omsorgen for sin far og sin egen familie.<\/p>\n<p>Den franske forfatteren Florian Zeller har vakt oppsikt med sine forfriskende vinklinger p\u00e5 mellommenneskelige utfordringer og omveltninger i livet. Hans prisbel\u00f8nte stykke \u00abFar\u00bb har tatt publikum med storm i Paris, London og New York, og har n\u00e5 norgespremie p\u00e5 DNS 24. februar.<\/p>\n<p>Onsdag 28. februar kl. 19.30 i Teaterkjelleren.<br \/>\n<strong>Billettpris UiB: kun kr. 240,- <\/strong>\u00a0(ord. kr. 390)<br \/>\nBilletter kan kj\u00f8pes til denne prisen til og med s\u00f8ndag 18. februar<\/p>\n<p><strong>Bestill billetter UiB her:<br \/>\n<\/strong><a href=\"https:\/\/dennationalescene.eventim-billetter.no\/webshop\/webticket\/shop?event=151&amp;kassierer=webuib\">https:\/\/dennationalescene.eventim-billetter.no\/webshop\/webticket\/shop?event=151&amp;kassierer=webuib<br \/>\n<\/a><strong>NB!<\/strong> DNS har f\u00e5tt nytt billettsystem, s\u00e5 du m\u00e5 opprette ny DNS bruker f\u00f8rste gang.<\/p>\n<p>Velkommen!<\/p>","protected":false},"excerpt":{"rendered":"<p>\u00abFAR\u00bb \u2013 R\u00f8rende, lunt og engasjerende om minner som forsvinner &nbsp; &nbsp; &nbsp; &nbsp; &nbsp; &nbsp; &nbsp; Ansikt, navn, tid og sted blandes sammen i Andr\u00e9s hode \u2013 det er noe som ikke stemmer. Har jeg v\u00e6rt steppedanser eller ingeni\u00f8r?&hellip;<\/p>\n<p class=\"more-link-p\"><a class=\"more-link\" href=\"https:\/\/k1nytt.w.uib.no\/en\/2018\/02\/16\/velferdstilbud-4\/\">Read more &rarr;<\/a><\/p>","protected":false},"author":3633,"featured_media":0,"comment_status":"open","ping_status":"open","sticky":false,"template":"","format":"standard","meta":{"footnotes":""},"categories":[79419],"tags":[],"class_list":["post-6852","post","type-post","status-publish","format-standard","hentry","category-velferd"],"_links":{"self":[{"href":"https:\/\/k1nytt.w.uib.no\/en\/wp-json\/wp\/v2\/posts\/6852","targetHints":{"allow":["GET"]}}],"collection":[{"href":"https:\/\/k1nytt.w.uib.no\/en\/wp-json\/wp\/v2\/posts"}],"about":[{"href":"https:\/\/k1nytt.w.uib.no\/en\/wp-json\/wp\/v2\/types\/post"}],"author":[{"embeddable":true,"href":"https:\/\/k1nytt.w.uib.no\/en\/wp-json\/wp\/v2\/users\/3633"}],"replies":[{"embeddable":true,"href":"https:\/\/k1nytt.w.uib.no\/en\/wp-json\/wp\/v2\/comments?post=6852"}],"version-history":[{"count":2,"href":"https:\/\/k1nytt.w.uib.no\/en\/wp-json\/wp\/v2\/posts\/6852\/revisions"}],"predecessor-version":[{"id":6855,"href":"https:\/\/k1nytt.w.uib.no\/en\/wp-json\/wp\/v2\/posts\/6852\/revisions\/6855"}],"wp:attachment":[{"href":"https:\/\/k1nytt.w.uib.no\/en\/wp-json\/wp\/v2\/media?parent=6852"}],"wp:term":[{"taxonomy":"category","embeddable":true,"href":"https:\/\/k1nytt.w.uib.no\/en\/wp-json\/wp\/v2\/categories?post=6852"},{"taxonomy":"post_tag","embeddable":true,"href":"https:\/\/k1nytt.w.uib.no\/en\/wp-json\/wp\/v2\/tags?post=6852"}],"curies":[{"name":"wp","href":"https:\/\/api.w.org\/{rel}","templated":true}]}}