{"id":6917,"date":"2018-03-09T15:34:30","date_gmt":"2018-03-09T13:34:30","guid":{"rendered":"http:\/\/k1nytt.w.uib.no\/?p=6917"},"modified":"2018-03-09T15:34:30","modified_gmt":"2018-03-09T13:34:30","slug":"velferd-2","status":"publish","type":"post","link":"https:\/\/k1nytt.w.uib.no\/en\/2018\/03\/09\/velferd-2\/","title":{"rendered":"Velferd"},"content":{"rendered":"<h3><strong><span style=\"color: #993300\"><img loading=\"lazy\" decoding=\"async\" class=\"alignright wp-image-5415\" src=\"http:\/\/k1nytt.w.uib.no\/files\/2017\/09\/ottesheimen_sommer1.jpg\" alt=\"\" width=\"207\" height=\"158\" \/>English below<\/span><br \/>\nNy s\u00f8knadsperiode for hyttene p\u00e5 Ustaoset og Tingviken i Utne &#8211; sommerferien\u00a02018 (uke 26-33)<\/strong><\/h3>\n<p>Det er n\u00e5 \u00e5pnet for elektronisk s\u00f8knad til U-heimen,\u00a0 Ottesheimen og Butten\u00a0 p\u00e5 Ustaoset og Tingviken i Utne for\u00a0 sommeren\u00a0 2018,\u00a0i perioden\u00a0 24. juni -19. august \u00a02018. Det er en felles trekning for alle hyttene. Ved s\u00f8knad om hytte m\u00e5 man prioritere b\u00e5de \u00f8nsket hytte og \u00f8nsket periode. Avbestillingsfrist for tildelt hytte er 30 dager f\u00f8r leieperiodens start for \u00e5 unng\u00e5 gebyr for avbestilling. Man m\u00e5 benytte UiBs elektroniske hyttesystem (<a href=\"https:\/\/skjema.app.uib.no\/hytter\">https:\/\/skjema.app.uib.no\/hytter<\/a>) ved \u00e5 logge seg inn med sitt UiB brukernavn og passord. Ved f\u00f8rste gangs s\u00f8knad om hytte m\u00e5 man legge inn noe informasjon.\u00a0 Alle s\u00f8knader m\u00e5 registreres i det elektroniske hyttesystemet for \u00e5 komme med i trekningen. S\u00f8knadsskjema og informasjon om hyttene finnes ogs\u00e5 p\u00e5\u00a0 Ansattsidene under \u00abMitt ansattforhold\u00bb -\u00abVelferd\u00bb- \u00abVelferdshytter til utleie\u00bb.\u00a0 Logg inn med ditt UiB brukernavn og passord fra en UiB-maskin eller via <a href=\"https:\/\/it.uib.no\/Vpn#Bruksanvisninger_for_VPN-oppkobling\">VPN-l\u00f8sning<\/a>.<\/p>\n<p>S\u00f8knadsfristen er 15. mars,\u00a0 trekningen foretas 16. mars\u00a02018.<\/p>\n<p>&nbsp;<\/p>\n<p><strong>New application period for the cottages at Ustaoset and Tingviken &#8211; summer 2018 (week 26-33)<br \/>\n<\/strong>It is now opened to apply for U-heimen, Ottesheimen and Butten at Ustaoset and Tingviken\u00a0 at Utne for the summer period\u00a0 from 24 June \u00a0until 19 August\u00a0 2018. Cancellation deadline is 30 days before rental period start to avoid penalty for cancellation Please use the UoB electronic cabin system by logging\u00a0 in \u00a0with your registered username and password. (<a href=\"https:\/\/skjema.app.uib.no\/hytter\">https:\/\/skjema.app.uib.no\/hytter<\/a>). Upon initial application you must enter some information. All applications must be registered in the electronic cabin system to be included\u00a0 in the draw. Application forms and information can\u00a0 also be found\u00a0 at the Employee Pages under &laquo;Employment conditions&raquo; &#8211; &laquo;Welfare&raquo; &#8211;\u00a0 &laquo;Cabin hire (NO)&raquo; &#8211;\u00a0 logging\u00a0 in\u00a0with your registered UoB username and password from an UoB-computer or by using the <a href=\"https:\/\/it.uib.no\/Vpn#Bruksanvisninger_for_VPN-oppkobling\">VPN-logon<\/a><\/p>\n<p>The application deadline is\u00a0 15 March,\u00a0 drawing will be done 16 March\u00a0 2018.<\/p>\n<p>&nbsp;<\/p>\n<h3>KRISTIN LAVRANSDATTER<\/h3>\n<p><img loading=\"lazy\" decoding=\"async\" class=\"wp-image-6919 alignleft\" src=\"http:\/\/k1nytt.w.uib.no\/files\/2018\/03\/KRISTIN-LAVRANSDATTER.png\" alt=\"\" width=\"357\" height=\"204\" \/><\/p>\n<p>&nbsp;<\/p>\n<p>&nbsp;<\/p>\n<p>&nbsp;<\/p>\n<p>&nbsp;<\/p>\n<p><strong><br \/>\nBli med p\u00e5 teateret og se popul\u00e6re \u00abKRISTIN LAVRANSDATTER\u00bb <\/strong><\/p>\n<p>UiB har reservert 150 billetter til hver av forestillingene. V\u00e6r rask med \u00e5 bestille for \u00e5 sikre deg billetter!<br \/>\nTirsdag 10. april og onsdag 18. april kl. 19.00 Store Scene.<br \/>\n<strong>Billettpris Uib kun kr. 340,- \u00a0(ord. kr. 520)<br \/>\n<\/strong>Billetter kan kj\u00f8pes til denne prisen til og med 22. mars.<br \/>\n<strong>Bestill billetter UiB her:<br \/>\n<\/strong><strong>Tirsdag 10.april:<br \/>\n<\/strong><a href=\"https:\/\/dennationalescene.eventim-billetter.no\/webshop\/webticket\/shop?event=48&amp;kassierer=webuib\">https:\/\/dennationalescene.eventim-billetter.no\/webshop\/webticket\/shop?event=48&amp;kassierer=webuib<br \/>\n<\/a><strong>Onsdag 18.april<\/strong>:<br \/>\n<a href=\"https:\/\/dennationalescene.eventim-billetter.no\/webshop\/webticket\/shop?event=53&amp;kassierer=webuib\">https:\/\/dennationalescene.eventim-billetter.no\/webshop\/webticket\/shop?event=53&amp;kassierer=webuib<\/a><\/p>\n<h3><strong>\u00a0NULL I BIOLOGI<\/strong><\/h3>\n<p><img loading=\"lazy\" decoding=\"async\" class=\"size-full wp-image-6921 alignleft\" src=\"http:\/\/k1nytt.w.uib.no\/files\/2018\/03\/Marit-Volds\u00e6ter.jpg\" alt=\"\" width=\"335\" height=\"394\" srcset=\"https:\/\/k1nytt.w.uib.no\/files\/2018\/03\/Marit-Volds\u00e6ter.jpg 335w, https:\/\/k1nytt.w.uib.no\/files\/2018\/03\/Marit-Volds\u00e6ter-255x300.jpg 255w\" sizes=\"auto, (max-width: 335px) 100vw, 335px\" \/><\/p>\n<p>&nbsp;<\/p>\n<p>&nbsp;<\/p>\n<p>&nbsp;<\/p>\n<p>&nbsp;<\/p>\n<p>&nbsp;<\/p>\n<p>&nbsp;<\/p>\n<p>&nbsp;<\/p>\n<p>&nbsp;<\/p>\n<p>Siste sjanse til \u00e5 f\u00e5 med seg Marit Volds\u00e6ter J<br \/>\n<strong>09\/03 kl 21.30<br \/>\n<\/strong><strong>10\/03 kl 21.30<\/strong><br \/>\nUIB pris kr 395,- inkl. avgift(ordin\u00e6rpris kr. 525,- inkl. avgift)<br \/>\nBestilles p\u00e5 billettkontoret i Grieghallen tlf. 55 216150 \u2013 oppgi UIB ved bestilling.<\/p>\n<h3>Get lost<\/h3>\n<p><img loading=\"lazy\" decoding=\"async\" class=\"wp-image-6925 alignleft\" src=\"http:\/\/k1nytt.w.uib.no\/files\/2018\/03\/Get-lost.jpg\" alt=\"\" width=\"254\" height=\"374\" \/><\/p>\n<p>&nbsp;<\/p>\n<p>&nbsp;<\/p>\n<p>&nbsp;<\/p>\n<p>&nbsp;<\/p>\n<p>&nbsp;<\/p>\n<p>&nbsp;<\/p>\n<p>&nbsp;<\/p>\n<p>&nbsp;<\/p>\n<p><strong>Get Lost <\/strong>av Pieter Ampe<\/p>\n<p><strong>6. \u2013 10. &amp; 14. \u2013 17. mars i Studio Bergen<\/strong><\/p>\n<p>N\u00e5r den belgiske koreografen Pieter Ampe sier \u00abget lost\u00bb til publikum, er det med glimt i \u00f8yet. Husk at alt begynner med kroppen. Og s\u00e5 blir det musikk. I forestillingen \u00abGet Lost\u00bb handler det om \u00e5 g\u00e5 seg vill, men ogs\u00e5 om \u00e5 finne tilbake igjen til trygg grunn.<\/p>\n<p><strong>Redusert pris til ansatte ved UiB:<br \/>\n<\/strong><strong>Kj\u00f8p 2 billetter til prisen av 1!<\/strong><\/p>\n<p>Slik gj\u00f8r du det: G\u00e5 inn i v\u00e5r webshop <a href=\"https:\/\/carteblanche.eventim-billetter.no\/\">https:\/\/carteblanche.eventim-billetter.no\/<\/a> og velg setene du vil ha og g\u00e5 gjennom kj\u00f8psprosessen til du kommer til <em>Kontroll og Betaling<\/em>. Skriv <strong>Bergensis <\/strong>inn i Rabattkode-boksen (se bilde under) og f\u00e5 redusert pris p\u00e5 opptil 2 billetter:<\/p>\n<h3><strong>Den flyvende hollender, opera i tre akter<\/strong><\/h3>\n<p><img loading=\"lazy\" decoding=\"async\" class=\"size-full wp-image-6930 alignleft\" src=\"http:\/\/k1nytt.w.uib.no\/files\/2018\/03\/hollender.jpg\" alt=\"\" width=\"482\" height=\"211\" srcset=\"https:\/\/k1nytt.w.uib.no\/files\/2018\/03\/hollender.jpg 482w, https:\/\/k1nytt.w.uib.no\/files\/2018\/03\/hollender-300x131.jpg 300w\" sizes=\"auto, (max-width: 482px) 100vw, 482px\" \/><\/p>\n<p>&nbsp;<\/p>\n<p>&nbsp;<\/p>\n<p>&nbsp;<\/p>\n<p>&nbsp;<\/p>\n<p>Bergen Nasjonale Opera og Musikkselskapet Harmonien inviterer til Den flyvende hollender, opera i tre akter<br \/>\nL\u00f8rdag 10.3, mandag 12.3, onsdag 14.3 og fredag 16.3<br \/>\nEun Sun Kim, dirigent<br \/>\nJohn Ramster, regi<br \/>\nIain Paterson, Hollenderen<br \/>\nElisabeth Teige, Senta<br \/>\nEric F. Halfvarson, Daland<br \/>\nSergey Skorokhodov, Erik<br \/>\nTuija Knihtil\u00e4, Mary<br \/>\nBror Magnus T\u00f8denes, Styrmannen<br \/>\nEdvard Grieg Kor med gjester<br \/>\nBergen Filharmoniske Orkester<\/p>\n<p>Operaen varer i 2 timer og 50 minutter inkludert 30 minutters pause.<br \/>\nSynges p\u00e5 tysk, tekstet p\u00e5 norsk.<br \/>\nV\u00e6r hjertelig velkommen og riktig god forn\u00f8yelse!<br \/>\n<strong>Tilbud til de ansatte ved UIB \u2013<br \/>\n<\/strong>20 % rabatt p\u00e5 forestillingene l\u00f8rdag, onsdag og fredag<br \/>\n50 % rabatt p\u00e5 mandagens forestilling<br \/>\nKlikk p\u00e5 lenkene for kj\u00f8p av billetter.<br \/>\nL\u00f8rdag 10. mars kl. 18<br \/>\n<a href=\"https:\/\/www.ticketmaster.no\/event\/543425&amp;camefrom=Client_BNO&amp;brand=no_bno?CL_ORIGIN=ORIGIN5\">https:\/\/www.ticketmaster.no\/event\/543425&amp;camefrom=Client_BNO&amp;brand=no_bno?CL_ORIGIN=ORIGIN5<br \/>\n<\/a>Onsdag 14. mars kl. 19<br \/>\n<a href=\"https:\/\/www.ticketmaster.no\/event\/531539&amp;camefrom=Client_BNO&amp;brand=no_bno?CL_ORIGIN=ORIGIN5\">https:\/\/www.ticketmaster.no\/event\/531539&amp;camefrom=Client_BNO&amp;brand=no_bno?CL_ORIGIN=ORIGIN5<br \/>\n<\/a>Fredag 16. mars kl. 19<br \/>\n<a href=\"https:\/\/www.ticketmaster.no\/event\/531541&amp;camefrom=Client_BNO&amp;brand=no_bno?CL_ORIGIN=ORIGIN5\">https:\/\/www.ticketmaster.no\/event\/531541&amp;camefrom=Client_BNO&amp;brand=no_bno?CL_ORIGIN=ORIGIN5<br \/>\n<\/a>50 % rabatt<br \/>\nMandag 12. mars kl. 19:<br \/>\n<a href=\"https:\/\/www.ticketmaster.no\/event\/531537&amp;camefrom=Client_BNO&amp;brand=no_bno?CL_ORIGIN=ORIGIN2\">https:\/\/www.ticketmaster.no\/event\/531537&amp;camefrom=Client_BNO&amp;brand=no_bno?CL_ORIGIN=ORIGIN2<\/a><\/p>","protected":false},"excerpt":{"rendered":"<p>English below Ny s\u00f8knadsperiode for hyttene p\u00e5 Ustaoset og Tingviken i Utne &#8211; sommerferien\u00a02018 (uke 26-33) Det er n\u00e5 \u00e5pnet for elektronisk s\u00f8knad til U-heimen,\u00a0 Ottesheimen og Butten\u00a0 p\u00e5 Ustaoset og Tingviken i Utne for\u00a0 sommeren\u00a0 2018,\u00a0i perioden\u00a0 24. juni&hellip;<\/p>\n<p class=\"more-link-p\"><a class=\"more-link\" href=\"https:\/\/k1nytt.w.uib.no\/en\/2018\/03\/09\/velferd-2\/\">Read more &rarr;<\/a><\/p>","protected":false},"author":3633,"featured_media":0,"comment_status":"open","ping_status":"open","sticky":false,"template":"","format":"standard","meta":{"footnotes":""},"categories":[79419],"tags":[],"class_list":["post-6917","post","type-post","status-publish","format-standard","hentry","category-velferd"],"_links":{"self":[{"href":"https:\/\/k1nytt.w.uib.no\/en\/wp-json\/wp\/v2\/posts\/6917","targetHints":{"allow":["GET"]}}],"collection":[{"href":"https:\/\/k1nytt.w.uib.no\/en\/wp-json\/wp\/v2\/posts"}],"about":[{"href":"https:\/\/k1nytt.w.uib.no\/en\/wp-json\/wp\/v2\/types\/post"}],"author":[{"embeddable":true,"href":"https:\/\/k1nytt.w.uib.no\/en\/wp-json\/wp\/v2\/users\/3633"}],"replies":[{"embeddable":true,"href":"https:\/\/k1nytt.w.uib.no\/en\/wp-json\/wp\/v2\/comments?post=6917"}],"version-history":[{"count":4,"href":"https:\/\/k1nytt.w.uib.no\/en\/wp-json\/wp\/v2\/posts\/6917\/revisions"}],"predecessor-version":[{"id":6932,"href":"https:\/\/k1nytt.w.uib.no\/en\/wp-json\/wp\/v2\/posts\/6917\/revisions\/6932"}],"wp:attachment":[{"href":"https:\/\/k1nytt.w.uib.no\/en\/wp-json\/wp\/v2\/media?parent=6917"}],"wp:term":[{"taxonomy":"category","embeddable":true,"href":"https:\/\/k1nytt.w.uib.no\/en\/wp-json\/wp\/v2\/categories?post=6917"},{"taxonomy":"post_tag","embeddable":true,"href":"https:\/\/k1nytt.w.uib.no\/en\/wp-json\/wp\/v2\/tags?post=6917"}],"curies":[{"name":"wp","href":"https:\/\/api.w.org\/{rel}","templated":true}]}}