{"id":7243,"date":"2018-04-20T12:18:07","date_gmt":"2018-04-20T10:18:07","guid":{"rendered":"http:\/\/k1nytt.w.uib.no\/?p=7243"},"modified":"2018-04-20T12:18:07","modified_gmt":"2018-04-20T10:18:07","slug":"velferd-3","status":"publish","type":"post","link":"https:\/\/k1nytt.w.uib.no\/en\/2018\/04\/20\/velferd-3\/","title":{"rendered":"Velferd"},"content":{"rendered":"<p><strong>Kveldstur med Statsraad Lehmkuhl \/ Evening boat trip with Statsraad Lehmkuhl <\/strong><\/p>\n<p><img loading=\"lazy\" decoding=\"async\" class=\"size-full wp-image-7246 alignnone\" src=\"http:\/\/k1nytt.w.uib.no\/files\/2018\/04\/kveldstur.jpg\" alt=\"\" width=\"460\" height=\"285\" srcset=\"https:\/\/k1nytt.w.uib.no\/files\/2018\/04\/kveldstur.jpg 460w, https:\/\/k1nytt.w.uib.no\/files\/2018\/04\/kveldstur-300x186.jpg 300w\" sizes=\"auto, (max-width: 460px) 100vw, 460px\" \/><\/p>\n<p>Mandag 30. april er alle ansatte og studenter ved UiB hjertelig velkommen med p\u00e5 kveldstur med Statsraad Lehmkuhl!<br \/>\n<a href=\"http:\/\/www.utdanningibergen.no\/\">Utdanning i Bergen<\/a> har leid hele skipet og kan tilby rabatterte billetter denne kvelden.<br \/>\nPriser*:<br \/>\nUiB studenter 200,-<br \/>\nUiB ansatte 320,-<br \/>\nAndre 420,-<br \/>\n*Prisene inkluderer ikke mat.<br \/>\nAvgang Bradbenken 18:00<br \/>\nAnkomst Bradbenken ca 22:30<br \/>\nMer informasjon: <a href=\"https:\/\/www.utdanningibergen.no\/no\/arrangement\/skjaergardstur-med-statsraad-lehmkuhl-2018\/\">https:\/\/www.utdanningibergen.no\/no\/arrangement\/skjaergardstur-med-statsraad-lehmkuhl-2018\/<\/a><br \/>\neller Facebook: <a href=\"https:\/\/www.facebook.com\/events\/3324547267578374\/\">https:\/\/www.facebook.com\/events\/3324547267578374\/<br \/>\n<\/a>For sp\u00f8rsm\u00e5l om turen: <a href=\"mailto:utdanningibergen@uib.no\">utdanningibergen@uib.no<\/a><\/p>\n<p><span style=\"color: #ff0000\">English<br \/>\n<\/span>Experience the fjords and archipelago outside of Bergen on Monday the 30th of April with the pride of Bergen, the majestic Statsraad Lehmkuhl. <a href=\"http:\/\/www.studybergen.com\/\">Study Bergen<\/a> has chartered the entire ship and is offering tickets at a reduced rate to students and employees at UiB.<br \/>\nTicket prices*<br \/>\nUiB student 200,-<br \/>\nUiB employees 320,-<br \/>\nOthers 420,-<br \/>\n*Food is not included in the price<br \/>\nDepature Bradbenken 18:00<br \/>\nArrival Bradbenken ca 22:30<br \/>\nMore information can be found: <a href=\"https:\/\/www.utdanningibergen.no\/en\/events\/bergen-student-sunset-cruise2\/\">https:\/\/www.utdanningibergen.no\/en\/events\/bergen-student-sunset-cruise2\/<\/a> or Facebook: <a href=\"https:\/\/www.facebook.com\/events\/3324547267578374\/\">https:\/\/www.facebook.com\/events\/3324547267578374\/<br \/>\n<\/a>For questions about the trip: <a href=\"mailto:utdanningibergen@uib.no\">utdanningibergen@uib.no<\/a><\/p>\n<p>&#8212;&#8212;&#8212;&#8212;&#8212;&#8212;&#8212;<\/p>\n<p><strong>Generalpr\u00f8ve i Logen Andvake presenteres i samarbeid med DNS og Festspillene<\/strong><\/p>\n<p><strong><br \/>\n<img loading=\"lazy\" decoding=\"async\" class=\"size-full wp-image-7244 alignnone\" src=\"http:\/\/k1nytt.w.uib.no\/files\/2018\/04\/vake.png\" alt=\"\" width=\"452\" height=\"236\" srcset=\"https:\/\/k1nytt.w.uib.no\/files\/2018\/04\/vake.png 452w, https:\/\/k1nytt.w.uib.no\/files\/2018\/04\/vake-300x157.png 300w\" sizes=\"auto, (max-width: 452px) 100vw, 452px\" \/><\/strong><\/p>\n<p><strong> tysdag 22. mai, kl. 19.00.<br \/>\nBillettpris kun kr. 100.<br \/>\n<\/strong><strong>Du kan kj\u00f8pe billettar her:<br \/>\n<\/strong><a href=\"https:\/\/hordalandteater.eventim-billetter.no\/webshop\/webticket\/shop?kassierer=web1&amp;event=32\">https:\/\/hordalandteater.eventim-billetter.no\/webshop\/webticket\/shop?kassierer=web1&amp;event=32<\/a><\/p>\n<p><strong>Jon Fosse fekk Nordisk R\u00e5ds Litteraturpris for trilogien. <\/strong><strong>Verket har trollbunde publikum over heile verda og blir no teater. <\/strong>Hordaland Teater er stolte over \u00e5 kunne presentere urpremiere p\u00e5 ei av v\u00e5r tid si mest markante litter\u00e6re forteljingar i ein musikalsk sceneversjon av Torkil Sandsund. Urpremieren vert 23. mai, under Festspillene i Bergen. Framsyninga vil ta oss gjennom alle tre romanane p\u00e5 tre timar.Det er seinhaustes og Alida og Asle er kome til Bj\u00f8rgvin for \u00e5 finne ein stad \u00e5 vere. Alida er h\u00f8ggravid, men ingen vil gi dei rom. I trilogien f\u00f8lgjer vi parets kamp for \u00e5 finne ein stad \u00e5 f\u00f8de og korleis dei p\u00e5 ulikt vis vert innhenta og stilt til ansvar for valga dei tek undervegs. Andvake-trilogien er forteljinga om ung kj\u00e6rleik i ei ugjestmild verd, om kj\u00e6rleik som sprenger sin eigen veg, og om kj\u00e6rleik som overlev sj\u00f8lve livet.Dette er ei klasseforteljing og eit tidsbilete som rommar den mystikken og musikaliteten som s\u00e6rmerkjer Fosse. Den vert toneset av dei tidlegare festspelkunstnarane Trio Medi\u00e6val. Levande folkemusikk vert ogs\u00e5 eit sentralt element med felespelaren Erlend Apneseth p\u00e5 scenen.<br \/>\nRegi: <strong>Torkil Sandsund<\/strong>. Scenografi: <strong>Dordi Str\u00f8m<\/strong>.<br \/>\nMed: <strong>Erlend Apneseth, Magne H\u00e5vard Brekke, Ragnhild Gudbrandsen, Sigmund Nj\u00f8s Hovind, Susann Kambestad, Karl-Vidar Lende og Anne Wiig. <\/strong><\/p>\n<hr \/>\n<p><em><strong>Bergen Filharmoniske Orkester Sesongavslutning<br \/>\n<\/strong><\/em><strong>Beethoven og Bronfman<br \/>\n<\/strong>Fredag 27. april kl. 1930 i Griegsalen<\/p>\n<p><img loading=\"lazy\" decoding=\"async\" class=\"size-full wp-image-7253 alignnone\" src=\"http:\/\/k1nytt.w.uib.no\/files\/2018\/04\/beethoven.jpg\" alt=\"\" width=\"454\" height=\"168\" srcset=\"https:\/\/k1nytt.w.uib.no\/files\/2018\/04\/beethoven.jpg 454w, https:\/\/k1nytt.w.uib.no\/files\/2018\/04\/beethoven-300x111.jpg 300w\" sizes=\"auto, (max-width: 454px) 100vw, 454px\" \/><\/p>\n<p><strong>Sir Andrew Davis<\/strong>, dirigent<br \/>\n<strong>Yefim Bronfman<\/strong>, klaver<br \/>\n<strong>Wilhelm Stenhammar\u00a0 <\/strong>Excelsior!, symfonisk overture<\/p>\n<p><strong>Ludwig van Beethoven <\/strong>Klaverkonsert nr. 3<br \/>\n<strong>Richard Strauss\u00a0<\/strong>\u00a0Ein Heldenleben<\/p>\n<p>Vi inviterer dere til \u00e5 v\u00e6re med \u00e5 sette punktum p\u00e5 en str\u00e5lende sesong sammen med dette stjernelaget og et flott program!<br \/>\n<strong>Spesialtilbud til de ansatte ved UIB<br \/>\n<\/strong><strong>Kr. 200 i hele salen.<br \/>\n<\/strong><a href=\"https:\/\/www.ticketmaster.no\/event\/531557?CL_ORIGIN=ORIGIN2\">Klikk her for kj\u00f8p av billett<\/a><br \/>\nOrdin\u00e6re priser er 495\/445<\/p>\n<p>&nbsp;<\/p>\n<p>Sesongen avrundes med selveste Yefim Bronfman som solist i Beethovens mesterlige tredje klaverkonsert. Bronfman er en av verdens fremste pianister, og det er en stor glede \u00e5 f\u00e5 ham til Bergen.<\/p>\n<p>Innledningsvis f\u00e5r vi h\u00f8re et verk av Wilhelm Stenhammar, en av Sveriges viktigste komponister.\u00a0<em>Excelsior!<\/em>\u00a0er komponert av den unge Stenhammar i 1896 og er tydelig influert av tysk senromantikk.<\/p>\n<p>Mens Strauss tidligere hadde litter\u00e6re tema for sine symfoniske dikt, handler\u00a0<em>Ein Heldenleben<\/em>\u00a0(et helteliv) om ham selv, vil noen si. Vi presenteres for en musikalsk selvbiografi om den kreative, edle og karismatiske kunstneren, vi m\u00f8ter hans motstandere og hans store kj\u00e6rlighet, konen Pauline, sistnevnte portrettert gjennom en b\u00e5de oppfarende, vakker og smektende solofiolin, denne gang tolket av v\u00e5r eminente konsertmester Melina Mandozzi.<\/p>\n<p>Konsertene arrangeres med gener\u00f8s st\u00f8tte fra Stiftelsen Kristian Gerhard Jebsen<\/p>\n<p><em>\u00abIt&#8217;s safe to say there is no pianist around remotely like Yefim Bronfman. Labor doesn&#8217;t seem to ever enter the equation; he is simply everywhere, instantly and all the time\u00bb, The Philadelphia Inquirer<\/em><\/p>\n<p><strong>Kvelden avrundes med et musikalsk nachspiel i Grieghallens foaje.<\/strong><\/p>\n<p>Hjertelig velkommen og riktig god forn\u00f8yelse.<\/p>","protected":false},"excerpt":{"rendered":"<p>Kveldstur med Statsraad Lehmkuhl \/ Evening boat trip with Statsraad Lehmkuhl Mandag 30. april er alle ansatte og studenter ved UiB hjertelig velkommen med p\u00e5 kveldstur med Statsraad Lehmkuhl! Utdanning i Bergen har leid hele skipet og kan tilby rabatterte&hellip;<\/p>\n<p class=\"more-link-p\"><a class=\"more-link\" href=\"https:\/\/k1nytt.w.uib.no\/en\/2018\/04\/20\/velferd-3\/\">Read more &rarr;<\/a><\/p>","protected":false},"author":3633,"featured_media":0,"comment_status":"open","ping_status":"open","sticky":false,"template":"","format":"standard","meta":{"footnotes":""},"categories":[79419,742],"tags":[],"class_list":["post-7243","post","type-post","status-publish","format-standard","hentry","category-velferd","category-annet"],"_links":{"self":[{"href":"https:\/\/k1nytt.w.uib.no\/en\/wp-json\/wp\/v2\/posts\/7243","targetHints":{"allow":["GET"]}}],"collection":[{"href":"https:\/\/k1nytt.w.uib.no\/en\/wp-json\/wp\/v2\/posts"}],"about":[{"href":"https:\/\/k1nytt.w.uib.no\/en\/wp-json\/wp\/v2\/types\/post"}],"author":[{"embeddable":true,"href":"https:\/\/k1nytt.w.uib.no\/en\/wp-json\/wp\/v2\/users\/3633"}],"replies":[{"embeddable":true,"href":"https:\/\/k1nytt.w.uib.no\/en\/wp-json\/wp\/v2\/comments?post=7243"}],"version-history":[{"count":4,"href":"https:\/\/k1nytt.w.uib.no\/en\/wp-json\/wp\/v2\/posts\/7243\/revisions"}],"predecessor-version":[{"id":7254,"href":"https:\/\/k1nytt.w.uib.no\/en\/wp-json\/wp\/v2\/posts\/7243\/revisions\/7254"}],"wp:attachment":[{"href":"https:\/\/k1nytt.w.uib.no\/en\/wp-json\/wp\/v2\/media?parent=7243"}],"wp:term":[{"taxonomy":"category","embeddable":true,"href":"https:\/\/k1nytt.w.uib.no\/en\/wp-json\/wp\/v2\/categories?post=7243"},{"taxonomy":"post_tag","embeddable":true,"href":"https:\/\/k1nytt.w.uib.no\/en\/wp-json\/wp\/v2\/tags?post=7243"}],"curies":[{"name":"wp","href":"https:\/\/api.w.org\/{rel}","templated":true}]}}