{"id":8104,"date":"2018-10-26T13:03:31","date_gmt":"2018-10-26T11:03:31","guid":{"rendered":"http:\/\/k1nytt.w.uib.no\/?p=8104"},"modified":"2018-10-26T13:03:31","modified_gmt":"2018-10-26T11:03:31","slug":"restferie","status":"publish","type":"post","link":"https:\/\/k1nytt.w.uib.no\/en\/2018\/10\/26\/restferie\/","title":{"rendered":"Restferie?"},"content":{"rendered":"<p><strong><span style=\"color: #000000;font-family: Calibri;font-size: medium\">Har du fortsatt feriedager for 2018?<br \/>\n<\/span><\/strong>Vi viser til tidligere informasjon om registrering av restferie og eventuell s\u00f8knad om overf\u00f8ring av restferie.\u00a0 Instituttet vil fremover registrere restferie som avviklet for dere som ikke selv har registrert ferie \/ s\u00f8kt om overf\u00f8ring.<\/p>\n<p><strong>Hva inneb\u00e6rer dette?<br \/>\n<\/strong>Om du ikke selv har oppdatert ditt ferieregnskap slik at det st\u00e5r i null, legger instituttet inn restferie som avviklet i HR-portalen.<br \/>\nDersom registreringen gjort av instituttet ikke stemmer med den ferieavviklingen du har hatt \/ \u00f8nsker kan du selv g\u00e5 inn i HR-portalen<br \/>\nog endre dette. Endringen av registrert ferie m\u00e5 gj\u00f8res innen 31.12.18 fordi ferieregnskapet for 2018 l\u00e5ses ved utgangen av \u00e5ret.<\/p>\n<p>Registrering\/korrigering av ferie, og s\u00f8knad om eventuell overf\u00f8ring av ferie gj\u00f8res i ferieskjema i HR-Portalen: <a href=\"https:\/\/uib.bluegarden.net\/\">https:\/\/uib.bluegarden.net<\/a><\/p>\n<p>Utfyllende informasjon og hvordan man registrerer, endrer og s\u00f8ker om eventuell overf\u00f8ring av ferie kan en finne her: <a href=\"http:\/\/pagaweb.b.uib.no\/ansatte\/5-ferie\/\">http:\/\/pagaweb.b.uib.no\/ansatte\/5-ferie\/\u00bb<\/a><\/p>","protected":false},"excerpt":{"rendered":"<p>Har du fortsatt feriedager for 2018? Vi viser til tidligere informasjon om registrering av restferie og eventuell s\u00f8knad om overf\u00f8ring av restferie.\u00a0 Instituttet vil fremover registrere restferie som avviklet for dere som ikke selv har registrert ferie \/ s\u00f8kt om&hellip;<\/p>\n<p class=\"more-link-p\"><a class=\"more-link\" href=\"https:\/\/k1nytt.w.uib.no\/en\/2018\/10\/26\/restferie\/\">Read more &rarr;<\/a><\/p>","protected":false},"author":3633,"featured_media":0,"comment_status":"open","ping_status":"open","sticky":false,"template":"","format":"standard","meta":{"footnotes":""},"categories":[742],"tags":[],"class_list":["post-8104","post","type-post","status-publish","format-standard","hentry","category-annet"],"_links":{"self":[{"href":"https:\/\/k1nytt.w.uib.no\/en\/wp-json\/wp\/v2\/posts\/8104","targetHints":{"allow":["GET"]}}],"collection":[{"href":"https:\/\/k1nytt.w.uib.no\/en\/wp-json\/wp\/v2\/posts"}],"about":[{"href":"https:\/\/k1nytt.w.uib.no\/en\/wp-json\/wp\/v2\/types\/post"}],"author":[{"embeddable":true,"href":"https:\/\/k1nytt.w.uib.no\/en\/wp-json\/wp\/v2\/users\/3633"}],"replies":[{"embeddable":true,"href":"https:\/\/k1nytt.w.uib.no\/en\/wp-json\/wp\/v2\/comments?post=8104"}],"version-history":[{"count":3,"href":"https:\/\/k1nytt.w.uib.no\/en\/wp-json\/wp\/v2\/posts\/8104\/revisions"}],"predecessor-version":[{"id":8122,"href":"https:\/\/k1nytt.w.uib.no\/en\/wp-json\/wp\/v2\/posts\/8104\/revisions\/8122"}],"wp:attachment":[{"href":"https:\/\/k1nytt.w.uib.no\/en\/wp-json\/wp\/v2\/media?parent=8104"}],"wp:term":[{"taxonomy":"category","embeddable":true,"href":"https:\/\/k1nytt.w.uib.no\/en\/wp-json\/wp\/v2\/categories?post=8104"},{"taxonomy":"post_tag","embeddable":true,"href":"https:\/\/k1nytt.w.uib.no\/en\/wp-json\/wp\/v2\/tags?post=8104"}],"curies":[{"name":"wp","href":"https:\/\/api.w.org\/{rel}","templated":true}]}}