{"id":8210,"date":"2018-11-09T14:31:57","date_gmt":"2018-11-09T13:31:57","guid":{"rendered":"http:\/\/k1nytt.w.uib.no\/?p=8210"},"modified":"2018-11-09T14:56:20","modified_gmt":"2018-11-09T13:56:20","slug":"velferd-13","status":"publish","type":"post","link":"https:\/\/k1nytt.w.uib.no\/en\/2018\/11\/09\/velferd-13\/","title":{"rendered":"Velferd"},"content":{"rendered":"<h3>N\u00e5 n\u00e6rmer det seg to premierer p\u00e5 Den Nationale Scene.<\/h3>\n<p>ARV OG MILJ\u00d8 &#8211; Premiere 21.november<\/p>\n<p><img loading=\"lazy\" decoding=\"async\" class=\"size-full wp-image-8213 alignnone\" src=\"http:\/\/k1nytt.w.uib.no\/files\/2018\/11\/arv.png\" alt=\"\" width=\"405\" height=\"336\" srcset=\"https:\/\/k1nytt.w.uib.no\/files\/2018\/11\/arv.png 405w, https:\/\/k1nytt.w.uib.no\/files\/2018\/11\/arv-300x249.png 300w\" sizes=\"auto, (max-width: 405px) 100vw, 405px\" \/><\/p>\n<p>F\u00f8rst ut er Arv og Milj\u00f8, hvor Vigdis Hjorths bestselgende roman Arv og Milj\u00f8\u00a0tas til scenen for f\u00f8rste gang.\u00a0 Stykket spilles kun i fire uker, og UiB ansatte har billetter til torsdag 29.november. \u00a0Det er fremdeles UiB-billetter igjen \u2013 m\u00e5 bestilles innen l\u00f8rdag 10.november!<\/p>\n<p>Store Scene. Torsdag 29.november.<br \/>\nUiB pris kun kr 270,-<br \/>\nBestill her: \u00a0<a href=\"https:\/\/dennationalescene.eventim-billetter.no\/webshop\/webticket\/shop?kassierer=webuib&amp;event=531\">https:\/\/dennationalescene.eventim-billetter.no\/webshop\/webticket\/shop?kassierer=webuib&amp;event=531<\/a><\/p>\n<hr \/>\n<p><strong>KIM F &#8211;<\/strong> Premiere 15.desember<\/p>\n<p><img loading=\"lazy\" decoding=\"async\" class=\"size-full wp-image-8215 alignnone\" src=\"http:\/\/k1nytt.w.uib.no\/files\/2018\/11\/kim.png\" alt=\"\" width=\"399\" height=\"334\" srcset=\"https:\/\/k1nytt.w.uib.no\/files\/2018\/11\/kim.png 399w, https:\/\/k1nytt.w.uib.no\/files\/2018\/11\/kim-300x251.png 300w\" sizes=\"auto, (max-width: 399px) 100vw, 399px\" \/><\/p>\n<p>Kim F er en forestilling om undertrykkelse, oppr\u00f8r og kj\u00e6rlighet. Kim Friele var den f\u00f8rste i Norge til \u00e5 st\u00e5 frem offentlig som homofil og kjempet for \u00e5 f\u00e5 fjernet straffelovsparagrafen 213 om homofili som en psykisk diagnose.\u00a0 Stykket handler om kampen for \u00e5 leve det livet man \u00f8nsker!<\/p>\n<p>Teaterkjelleren. Tirsdag 18.desember.<\/p>\n<p><strong>UiB pris kun kr 250,-<\/strong><\/p>\n<p>Bestill her innen 27.november: <a href=\"https:\/\/dennationalescene.eventim-billetter.no\/webshop\/webticket\/shop?event=555&amp;kassierer=webuib\">https:\/\/dennationalescene.eventim-billetter.no\/webshop\/webticket\/shop?event=555&amp;kassierer=webuib<\/a><\/p>\n<hr \/>\n<p><strong>THE HORROR<\/strong><\/p>\n<p>Fredag 9. november kl. 1930 i Grieghallen<\/p>\n<p><img loading=\"lazy\" decoding=\"async\" class=\"size-full wp-image-8216 alignnone\" src=\"http:\/\/k1nytt.w.uib.no\/files\/2018\/11\/horror.jpg\" alt=\"\" width=\"441\" height=\"185\" srcset=\"https:\/\/k1nytt.w.uib.no\/files\/2018\/11\/horror.jpg 441w, https:\/\/k1nytt.w.uib.no\/files\/2018\/11\/horror-300x126.jpg 300w\" sizes=\"auto, (max-width: 441px) 100vw, 441px\" \/><\/p>\n<p><strong>Torodd Wigum<\/strong>, dirigent<\/p>\n<p><strong>Thea Lindtner N\u00e6ss<\/strong>, vokal<\/p>\n<p><strong>Edvard Grieg Ungdomskor<\/strong><\/p>\n<p><strong>Kor fra musikklinjen ved Bergen Private Gymnas<\/strong><\/p>\n<p><strong>Bergen Guttekor<\/strong><\/p>\n<p><strong>Bergen Pikekor<\/strong><\/p>\n<p><strong>Bergen Filharmoniske Orkester<\/strong><\/p>\n<p><strong>Orvar S\u00e4fstr\u00f6m<\/strong>, konferansier<\/p>\n<p>Mord, blod og djevelskap!<br \/>\nForleng Halloween-stemningen med en kveld full av skrekkinngytende musikk fra filmer som The Omen, Hellraiser, The Shining, The Walking Dead og Exorsisten.<\/p>\n<p>Orvar S\u00e4fstr\u00f6m og Bergen Filharmoniske Orkester inviterer til en filmmusikkonsert utenom det vanlige og tar deg med inn i de m\u00f8rkeste korridorene, der de d\u00f8de har gjenoppst\u00e5tt og ondskapens h\u00e5ndlangere holder hoff. <a href=\"http:\/\/harmonien.no\/konserter-og-billetter\/2018\/11\/the-horror\/\">Les mer om konserten og kj\u00f8p billetter til fredag via denne lenken<\/a><\/p>\n<p><strong>Spesialtilbud til de ansatte ved UIB<\/strong><\/p>\n<p><strong>RABATTKODE:<\/strong> <strong>UIB-HORROR<\/strong><\/p>\n<p><strong>Kr. 330\/290<\/strong><\/p>\n<p>Ordin\u00e6re priser 495\/445<\/p>","protected":false},"excerpt":{"rendered":"<p>N\u00e5 n\u00e6rmer det seg to premierer p\u00e5 Den Nationale Scene. ARV OG MILJ\u00d8 &#8211; Premiere 21.november F\u00f8rst ut er Arv og Milj\u00f8, hvor Vigdis Hjorths bestselgende roman Arv og Milj\u00f8\u00a0tas til scenen for f\u00f8rste gang.\u00a0 Stykket spilles kun i fire&hellip;<\/p>\n<p class=\"more-link-p\"><a class=\"more-link\" href=\"https:\/\/k1nytt.w.uib.no\/en\/2018\/11\/09\/velferd-13\/\">Read more &rarr;<\/a><\/p>","protected":false},"author":3633,"featured_media":0,"comment_status":"open","ping_status":"open","sticky":false,"template":"","format":"standard","meta":{"footnotes":""},"categories":[79419],"tags":[],"class_list":["post-8210","post","type-post","status-publish","format-standard","hentry","category-velferd"],"_links":{"self":[{"href":"https:\/\/k1nytt.w.uib.no\/en\/wp-json\/wp\/v2\/posts\/8210","targetHints":{"allow":["GET"]}}],"collection":[{"href":"https:\/\/k1nytt.w.uib.no\/en\/wp-json\/wp\/v2\/posts"}],"about":[{"href":"https:\/\/k1nytt.w.uib.no\/en\/wp-json\/wp\/v2\/types\/post"}],"author":[{"embeddable":true,"href":"https:\/\/k1nytt.w.uib.no\/en\/wp-json\/wp\/v2\/users\/3633"}],"replies":[{"embeddable":true,"href":"https:\/\/k1nytt.w.uib.no\/en\/wp-json\/wp\/v2\/comments?post=8210"}],"version-history":[{"count":2,"href":"https:\/\/k1nytt.w.uib.no\/en\/wp-json\/wp\/v2\/posts\/8210\/revisions"}],"predecessor-version":[{"id":8225,"href":"https:\/\/k1nytt.w.uib.no\/en\/wp-json\/wp\/v2\/posts\/8210\/revisions\/8225"}],"wp:attachment":[{"href":"https:\/\/k1nytt.w.uib.no\/en\/wp-json\/wp\/v2\/media?parent=8210"}],"wp:term":[{"taxonomy":"category","embeddable":true,"href":"https:\/\/k1nytt.w.uib.no\/en\/wp-json\/wp\/v2\/categories?post=8210"},{"taxonomy":"post_tag","embeddable":true,"href":"https:\/\/k1nytt.w.uib.no\/en\/wp-json\/wp\/v2\/tags?post=8210"}],"curies":[{"name":"wp","href":"https:\/\/api.w.org\/{rel}","templated":true}]}}