{"id":8576,"date":"2019-01-11T14:36:43","date_gmt":"2019-01-11T13:36:43","guid":{"rendered":"http:\/\/k1nytt.w.uib.no\/?p=8576"},"modified":"2019-01-11T14:36:43","modified_gmt":"2019-01-11T13:36:43","slug":"nytt-hovedverneombud","status":"publish","type":"post","link":"https:\/\/k1nytt.w.uib.no\/en\/2019\/01\/11\/nytt-hovedverneombud\/","title":{"rendered":"Nytt hovedverneombud"},"content":{"rendered":"<p><img loading=\"lazy\" decoding=\"async\" class=\"wp-image-8577 alignleft\" src=\"http:\/\/k1nytt.w.uib.no\/files\/2019\/01\/lise_skalvik_amble.jpg\" alt=\"\" width=\"182\" height=\"225\" \/><a href=\"https:\/\/www.uib.no\/personer\/Lise.Sk%C3%A5lvik.Amble\">Lise Sk\u00e5lvik Amble<\/a> ved Klinisk institutt 1 er nytt hovedverneombud ved Det medisinske fakultet.<\/p>\n<div class=\"field field-name-field-uib-text field-type-text-long field-label-hidden field-wrapper\">\n<div class=\"field-items\">\n<div class=\"field-item odd\">\n<p>\u00a0Amble\u00a0jobber som studiekonsulent ved Klinisk institutt 1, og har v\u00e6rt verneombud i samme omr\u00e5de. Hun er n\u00e5 valgt som hovedverneombud ved Det medisinske fakultet, for perioden 2019 &#8211; 2020.<\/p>\n<p><a href=\"https:\/\/www.uib.no\/hms-portalen\/75001\/universitetets-hovudverneombod\">Tidligere hovedverneombud, June-Vibecke Knudtsen Indrevik, har g\u00e5tt til vervet som universitetets hovedverneombud<\/a>. Hun tar over jobben for Else Jerdal. Vi gratulerer begge med de nye vervene!<\/p>\n<p>Det har ogs\u00e5 kommet til noen nye verneombud p\u00e5 enhetene p\u00e5 fakultetet, <a href=\"https:\/\/skjema.app.uib.no\/apex\/f?p=129:8:::NO\">her<\/a> har du oversikt over alle.<\/p>\n<p>&nbsp;<\/p>\n<\/div>\n<\/div>\n<\/div>","protected":false},"excerpt":{"rendered":"<p>Lise Sk\u00e5lvik Amble ved Klinisk institutt 1 er nytt hovedverneombud ved Det medisinske fakultet. \u00a0Amble\u00a0jobber som studiekonsulent ved Klinisk institutt 1, og har v\u00e6rt verneombud i samme omr\u00e5de. Hun er n\u00e5 valgt som hovedverneombud ved Det medisinske fakultet, for perioden&hellip;<\/p>\n<p class=\"more-link-p\"><a class=\"more-link\" href=\"https:\/\/k1nytt.w.uib.no\/en\/2019\/01\/11\/nytt-hovedverneombud\/\">Read more &rarr;<\/a><\/p>","protected":false},"author":3579,"featured_media":0,"comment_status":"open","ping_status":"open","sticky":false,"template":"","format":"standard","meta":{"footnotes":""},"categories":[742],"tags":[],"class_list":["post-8576","post","type-post","status-publish","format-standard","hentry","category-annet"],"_links":{"self":[{"href":"https:\/\/k1nytt.w.uib.no\/en\/wp-json\/wp\/v2\/posts\/8576","targetHints":{"allow":["GET"]}}],"collection":[{"href":"https:\/\/k1nytt.w.uib.no\/en\/wp-json\/wp\/v2\/posts"}],"about":[{"href":"https:\/\/k1nytt.w.uib.no\/en\/wp-json\/wp\/v2\/types\/post"}],"author":[{"embeddable":true,"href":"https:\/\/k1nytt.w.uib.no\/en\/wp-json\/wp\/v2\/users\/3579"}],"replies":[{"embeddable":true,"href":"https:\/\/k1nytt.w.uib.no\/en\/wp-json\/wp\/v2\/comments?post=8576"}],"version-history":[{"count":2,"href":"https:\/\/k1nytt.w.uib.no\/en\/wp-json\/wp\/v2\/posts\/8576\/revisions"}],"predecessor-version":[{"id":8579,"href":"https:\/\/k1nytt.w.uib.no\/en\/wp-json\/wp\/v2\/posts\/8576\/revisions\/8579"}],"wp:attachment":[{"href":"https:\/\/k1nytt.w.uib.no\/en\/wp-json\/wp\/v2\/media?parent=8576"}],"wp:term":[{"taxonomy":"category","embeddable":true,"href":"https:\/\/k1nytt.w.uib.no\/en\/wp-json\/wp\/v2\/categories?post=8576"},{"taxonomy":"post_tag","embeddable":true,"href":"https:\/\/k1nytt.w.uib.no\/en\/wp-json\/wp\/v2\/tags?post=8576"}],"curies":[{"name":"wp","href":"https:\/\/api.w.org\/{rel}","templated":true}]}}