{"id":9042,"date":"2019-04-05T13:15:35","date_gmt":"2019-04-05T12:15:35","guid":{"rendered":"http:\/\/k1nytt.w.uib.no\/?p=9042"},"modified":"2019-04-05T13:15:35","modified_gmt":"2019-04-05T12:15:35","slug":"velferd-21","status":"publish","type":"post","link":"https:\/\/k1nytt.w.uib.no\/en\/2019\/04\/05\/velferd-21\/","title":{"rendered":"Velferd"},"content":{"rendered":"<h5><strong>Jubileumskonsert for Jiri Hlinka<\/strong><\/h5>\n<p>Prof. Jiri Hinka Klaverakademi har gleden av \u00e5 invitere til jubileumskonsert i anledningen Jiri Hlinkas 75-\u00e5rs jubileum i \u00e5r og Klaverakademiets 10-\u00e5rs jubileum i fjor,<\/p>\n<p>ONSDAG 10. APRIL 2019, KL 19.30 i UNIVERSITETSAULAEN I BERGEN<br \/>\nProgram:<\/p>\n<p>Ti tidligere studenter av Jiri Hlinka og Klaverakademiet hyller en av Norges mest toneangivende klaverpedagoger gjennom tidene i denne storsl\u00e5tte klaverm\u00f8nstringen.<\/p>\n<p>Medvirkende:<\/p>\n<p>Geir Botnen, H\u00e5vard Gimse, Leif Ove Andsnes, Christian Ihle Hadland, Christian Gr\u00f8vlen, Oda Hjertine Voltersvik, Thormod R\u00f8nning Kvam, Andreas L\u00f8ken Taklo, Siril Aufles Valberg og Richard Octaviano Kogima<\/p>\n<p>Spesialtilbud p\u00e5 billetter for Universitetets ansatte: kr 300,- inkl. avgifter. (Kun 4 pr stk.)<\/p>\n<p><a href=\"https:\/\/www.ticketmaster.no\/event\/605181?CL_ORIGIN=ORIGIN2\">Link til billetter<\/a> for UiB-ansatte.<\/p>\n<hr \/>\n<p><img loading=\"lazy\" decoding=\"async\" class=\"wp-image-9111 alignleft\" src=\"http:\/\/k1nytt.w.uib.no\/files\/2019\/04\/bach-300x157.jpg\" alt=\"\" width=\"513\" height=\"275\" \/><\/p>\n<p><strong>J. S. Bach: Johannespasjonen<br \/>\n<\/strong>(English below)<\/p>\n<p><strong>S\u00f8ndag 14. april kl 19.30<\/strong><br \/>\n<strong>Bergen domkirke<\/strong><\/p>\n<p>Bergen Domkor<br \/>\nKjetil Almenning, dirigent<\/p>\n<p>Domkorets ti\u00e5rssesong er det en selvf\u00f8lge \u00e5 ha musikk av kirkemusikkens far &#8211; Johann Sebastian Bach &#8211; p\u00e5 programmet. Palmes\u00f8ndag fremf\u00f8res et av hans h\u00f8yest verdsatte verk &#8211; den dramatiske pasjonshistorien etter Johannesevangeliet.<\/p>\n<p>Dirigent Kjetil Almenning ble domkantor i Bergen august 2009, og etablerte Bergen Domkor i september. Mars samme \u00e5r tyvstartet han i stillingen med \u00e5 lede Bergen Bachsolister og Kor Vest i nettopp Johannespasjonen i Bergen domkirke langfredag 2009. Konserten er med det en dobbel ti\u00e5rsmarkering.<\/p>\n<p>Bergen Domkor har med seg barokkorkester, og unge, fremragende solister:<br \/>\nLydia Hoen Tjore, sopran<br \/>\nAstrid Nordstad, mezzosopran<br \/>\nPetter Moen, tenor<br \/>\nJ\u00f8rgen Backer, baryton<br \/>\n\u00d8rjan Hartveit, baryton<br \/>\nMagnus Staveland, evangelist<\/p>\n<p>Bergen Barokk<br \/>\nStefan Lindvall, konsertmester<\/p>\n<p><strong>Spesialtilbud til UiBansatte: kr 250 (ordin\u00e6r pris: kr 350), bruk koden <a href=\"https:\/\/kirkemusikkibergen.ticketco.events\/no\/nb\/e\/johannespasjonen?fbclid=IwAR0uaw9oU5fgDBM6KGNG2ZONZ1yiNc8Gn9b5njEDmxK5oyvJGEJiF0luIVw\">bergendomkorjohannespasjon<\/a> p\u00e5 ticketco.events\/no\/en<br \/>\n<\/strong><\/p>\n<p>\u2014\u2014<\/p>\n<p><strong>Sunday 14. April, 19.30<br \/>\n<\/strong><strong>Bergen Cathedral<\/strong><\/p>\n<p>Bergen Domkor (Bergen Cathedral Choir)<br \/>\nKjetil Almenning, conductor<\/p>\n<p>During the Bergen Cathedral Choir&#8217;s ten-years anniversary season, Johann Sebastian Bach &#8211; the father of Western church music &#8211; is a must in the programme. On Palm Sunday, the choir will perform one of his most cherished works, the Passion according to St John.<\/p>\n<p>Conductor Kjetil Almenning became music director of the Bergen Cathedral in August 2009, and established the Bergen Cathedral Choir in September. Earlier that year, in March, he performed Bach&#8217;s St John Passion with Bergen Bach Solists and Kor Vest (now Edvard Grieg Choir) in the Bergen Cathedral on Good Friday. In this way, the concert marks a double 10th anniversary.<\/p>\n<p>Bergen Cathedral Choir with Bergen Baroque Orchestra, and excellent young soloists:<br \/>\nLydia Hoen Tjore, soprano<br \/>\nAstrid Nordstad, mezzo<br \/>\nPetter Moen, tenor<br \/>\nJ\u00f8rgen Backer, baryton<br \/>\n\u00d8rjan Hartveit, baryton<br \/>\nMagnus Staveland, evangelist<\/p>\n<p>Bergen Barokk<br \/>\nStefan Lindvall, concertmaster<\/p>\n<p><strong>Special offer to UiB employees: 250 (standard price: 350), use the code <a href=\"https:\/\/kirkemusikkibergen.ticketco.events\/no\/nb\/e\/johannespasjonen?fbclid=IwAR0uaw9oU5fgDBM6KGNG2ZONZ1yiNc8Gn9b5njEDmxK5oyvJGEJiF0luIVw\">bergendomkorjohannespasjon<\/a> at ticketco.events\/no\/en<\/strong><\/p>\n<hr \/>\n<p><strong>Rakhmaninovs tredje pianokonsert<\/strong><br \/>\n<strong>Bergen Filharmoniske Orkester<br \/>\n<\/strong><\/p>\n<h5 style=\"font-family: 'Helvetica Neue', Helvetica, Arial, sans-serif;font-style: normal\"><strong style=\"font-size: 18px\"><img loading=\"lazy\" decoding=\"async\" class=\"wp-image-9113 alignnone\" src=\"http:\/\/k1nytt.w.uib.no\/files\/2019\/04\/rakhmaninov-300x102.jpg\" alt=\"\" width=\"322\" height=\"120\" \/><\/strong><\/h5>\n<p><span style=\"font-family: 'Helvetica Neue', Helvetica, Arial, sans-serif;font-size: 15px;font-style: normal;font-weight: 300\"><br \/>\nTorsdag 11. april og fredag 12. april<br \/>\n<\/span>Kl. 19.30 i Grieghallen<\/p>\n<p><strong>Thierry Fischer<\/strong>, dirigent<br \/>\n<strong>Alexander Gavrylyuk<\/strong>, piano<br \/>\n<strong>Bergen Filharmoniske Kor<br \/>\n<\/strong><strong>Edvard Grieg Kor<br \/>\n<\/strong><strong>Royal Northern College of Music Chamber Choir<br \/>\n<\/strong><strong>H\u00e5kon Matti Skrede<\/strong>, kormester<\/p>\n<p><strong>Russisk ortodoks p\u00e5skehymne<\/strong> \u00abDin grav, O frelser\u00bb,<br \/>\n<strong>Sergej Rakhmaninov<\/strong> Pianokonsert nr. 3<br \/>\n<strong>Igor Stravinsky<\/strong> Salmesymfonien<\/p>\n<p>Rakhmaninovs romantiske og fengslende tredje pianokonsert og Stravinskys mektige sakrale verk for kor og orkester, og a cappella salmesang gir en god inngang til p\u00e5sken.<br \/>\n<a href=\"http:\/\/harmonien.no\/konserter-og-billetter\/2019\/04\/rakhmaninovs-tredje-pianokonsert\/\">Les mer og kj\u00f8p billetter til konserten via denne lenken<\/a><\/p>\n<p><strong>Spesialtilbud til de ansatte ved UIB<br \/>\n<\/strong><strong>Kr. 330\/290\/240<br \/>\nRABATTKODE:<span style=\"color: #ff0000\"> UIB-APRIL<br \/>\n<\/span><\/strong>Ordin\u00e6re priser 495\/445\/365<br \/>\nDu m\u00e5 g\u00e5 gjennom hele kj\u00f8psprosessen f\u00f8r du kommer til \u00a0luken hvor du kan taste rabattkoden. For \u00e5 f\u00e5 rabattkoden aktivert m\u00e5 du trykke p\u00e5 oppdateringsknappen til h\u00f8yre.<\/p>\n<p>P\u00e5 disse to kveldene inviteres du ogs\u00e5 til:<br \/>\n<strong>Sesonglansering i foajeen<\/strong> <strong>kl. 18.30 begge dager:<\/strong> Adm. dir. \u00a0Bernt Bauge, programsjef Oddmund \u00d8kland og \u00a0journalist og moromann Halvor Folger\u00f8 presenterer ny sesong for oss, den 255 i rekken!<br \/>\n<strong>Tett p\u00e5 i foajeen<\/strong>: Musikalsk nachspiel med RNCM Chamber Choir rett etter konserten i Griegsalen.<\/p>\n<p>Vi \u00f8nsker hjertelig velkommen til en innholdsrik kveld!<\/p>\n<p>&#8212;&#8212;<\/p>\n<p><strong>For English speaking<\/strong> audience please <a href=\"http:\/\/harmonien.no\/english\/concerts-and-tickets\/2019\/04\/rachmaninov-s-third-piano-concerto\/\">follow this link for both reading about and buying tickets for the concert<\/a><br \/>\nDiscount code: <span style=\"color: #ff0000\"><strong>UIB-APRIL<br \/>\n<\/strong><\/span><strong style=\"font-size: 15px\">NOK 330\/290\/240<br \/>\n<\/strong>Regular prices are 495\/445\/365<br \/>\nYou must og through the entire purchase process before you can enter the discount code. On the right side there is an update button that you have to press to bring up the offer price that will then lead you to the shopping cart.<\/p>\n<p>We wish you a warm welcome and hope You will enjoy the evening which will end with a small musical nachspiel in the foyer.<\/p>\n<p>Beste hilsen\/ Kind regards<br \/>\n<strong>Torill Gudmundsen<br \/>\n<\/strong>Salgskonsulent<\/p>\n<p><strong>Musikkselskapet Harmonien<br \/>\n<\/strong>Bergen Filharmoniske Orkester<br \/>\nBergen Filharmoniske Kor<br \/>\nBergen Filharmoniske Ungdomsorkester<\/p>\n<p>Grieghallen, Edvard Griegs plass 1, N-5015 Bergen, Norge<br \/>\nDir.\u00a0+47 55 21 62 25<\/p>\n<p><a href=\"http:\/\/www.harmonien.no\">www.harmonien.no<\/a><br \/>\n<a href=\"http:\/\/www.digitaltkonserthus.no\/\">www.digitaltkonserthus.no<\/a><br \/>\n<a href=\"http:\/\/www.facebook.com\/MusikkselskapetHarmonien\">www.facebook.com\/MusikkselskapetHarmonien<\/a><\/p>\n<p><a href=\"http:\/\/harmonien.no\/nyhetsbrev\/\">Meld deg p\u00e5 v\u00e5rt nyhetsbrev<\/a><\/p>","protected":false},"excerpt":{"rendered":"<p>Jubileumskonsert for Jiri Hlinka Prof. Jiri Hinka Klaverakademi har gleden av \u00e5 invitere til jubileumskonsert i anledningen Jiri Hlinkas 75-\u00e5rs jubileum i \u00e5r og Klaverakademiets 10-\u00e5rs jubileum i fjor, ONSDAG 10. APRIL 2019, KL 19.30 i UNIVERSITETSAULAEN I BERGEN Program:&hellip;<\/p>\n<p class=\"more-link-p\"><a class=\"more-link\" href=\"https:\/\/k1nytt.w.uib.no\/en\/2019\/04\/05\/velferd-21\/\">Read more &rarr;<\/a><\/p>","protected":false},"author":3579,"featured_media":9113,"comment_status":"open","ping_status":"open","sticky":false,"template":"","format":"standard","meta":{"footnotes":""},"categories":[79419],"tags":[],"class_list":["post-9042","post","type-post","status-publish","format-standard","has-post-thumbnail","hentry","category-velferd"],"_links":{"self":[{"href":"https:\/\/k1nytt.w.uib.no\/en\/wp-json\/wp\/v2\/posts\/9042","targetHints":{"allow":["GET"]}}],"collection":[{"href":"https:\/\/k1nytt.w.uib.no\/en\/wp-json\/wp\/v2\/posts"}],"about":[{"href":"https:\/\/k1nytt.w.uib.no\/en\/wp-json\/wp\/v2\/types\/post"}],"author":[{"embeddable":true,"href":"https:\/\/k1nytt.w.uib.no\/en\/wp-json\/wp\/v2\/users\/3579"}],"replies":[{"embeddable":true,"href":"https:\/\/k1nytt.w.uib.no\/en\/wp-json\/wp\/v2\/comments?post=9042"}],"version-history":[{"count":10,"href":"https:\/\/k1nytt.w.uib.no\/en\/wp-json\/wp\/v2\/posts\/9042\/revisions"}],"predecessor-version":[{"id":9127,"href":"https:\/\/k1nytt.w.uib.no\/en\/wp-json\/wp\/v2\/posts\/9042\/revisions\/9127"}],"wp:featuredmedia":[{"embeddable":true,"href":"https:\/\/k1nytt.w.uib.no\/en\/wp-json\/wp\/v2\/media\/9113"}],"wp:attachment":[{"href":"https:\/\/k1nytt.w.uib.no\/en\/wp-json\/wp\/v2\/media?parent=9042"}],"wp:term":[{"taxonomy":"category","embeddable":true,"href":"https:\/\/k1nytt.w.uib.no\/en\/wp-json\/wp\/v2\/categories?post=9042"},{"taxonomy":"post_tag","embeddable":true,"href":"https:\/\/k1nytt.w.uib.no\/en\/wp-json\/wp\/v2\/tags?post=9042"}],"curies":[{"name":"wp","href":"https:\/\/api.w.org\/{rel}","templated":true}]}}