{"id":9241,"date":"2019-04-26T14:23:24","date_gmt":"2019-04-26T13:23:24","guid":{"rendered":"http:\/\/k1nytt.w.uib.no\/?p=9241"},"modified":"2019-04-26T14:23:24","modified_gmt":"2019-04-26T13:23:24","slug":"undervisningen","status":"publish","type":"post","link":"https:\/\/k1nytt.w.uib.no\/en\/2019\/04\/26\/undervisningen\/","title":{"rendered":"Undervisningen"},"content":{"rendered":"<p><img loading=\"lazy\" decoding=\"async\" class=\"wp-image-8768 alignleft\" src=\"http:\/\/k1nytt.w.uib.no\/files\/2019\/02\/Bilde-til-K1-nytt.jpg\" alt=\"\" width=\"151\" height=\"227\" \/>Kj\u00e6re alle og vel overst\u00e5tt p\u00e5ske!<\/p>\n<p>Vi er snart kommet til mai m\u00e5ned og vi har allerede opplevd noen dager med n\u00e6rmest full sommer. Det betyr ogs\u00e5 at avslutningen av undervisningssemesteret n\u00e6rmer seg \u2013 inkludert eksamen. Det blir en spennende v\u00e5r med OSKE-12 avvikling for f\u00f8rste gang og OSKE-6 for andre gang. Det meste begynner \u00e5 bli klart \u2013 inkludert eksamensoppgaver og bemanning for gjennomf\u00f8ring av eksamensdagene. Kollegaene Eirik S\u00f8fteland (<u>E.Softeland@uib.no<\/u>) ved K1 og Rune Nielsen (<u>Rune.Nielsen@uib.no<\/u>) ved K2 er sammen med felles studieadministrasjon ledet av Tore (<u>Tore.Lillebo@uib.no<\/u>) og \u00d8yvind (<u>Oyvind.Bendiksen@uib.no<\/u>) ved instituttene, samt fakultetet er ansvarlig for henholdsvis OSKE-6 og -12. Innspurten i forberedelsen starter om kort tid frem til eksamen 6. juni for OSKE-12 og 19. juni for OSKE-6. Det legges ned imponerende innsats fra mange b\u00e5de i forberedelser og gjennomf\u00f8ring av disse eksamenene.<\/p>\n<p><strong>Undervisningsdagen<\/strong> 7. mai er om kun halvannen uke \u2013 og det er til n\u00e5 altfor f\u00e5 p\u00e5meldte. Det er spennende program hvor vi kan diskutere OSKE-eksamen, h\u00f8re mer generelt om eksamensavvikling, samt den nye ordningen med merittering av fremragende undervisere ved fakultetet. I tillegg f\u00e5r vi praktisk erfaring i team basert l\u00e6ring (TBL) om flervalgsoppgaver.\u00a0 Arrangementet blir i Bikuben \u2013 og jeg oppfordrer at alle melder seg p\u00e5; <a href=\"https:\/\/skjemaker.app.uib.no\/view.php?id=6311141\">https:\/\/skjemaker.app.uib.no\/view.php?id=6311141<\/a><\/p>\n<p>Et annet viktig arrangement for oss er <strong>Fakultetets dag<\/strong>. I \u00e5r blir denne avviklet i det nyoppussede auditoriet ved Armauer Hansens Hus (AHH) 13. juni. Det blir et rikholdig program med blant utdeling av forsker- og undervisningspriser. Mer info om dette vil komme om kort tid.<\/p>\n<p>Jeg ber om at s\u00e5 mange som mulig stiller p\u00e5 b\u00e5de Undervisningsdagen og p\u00e5 Fakultetets dag.<\/p>\n<p>Med \u00f8nsker om fine v\u00e5rdager og god helg.<\/p>\n<p>Beste hilsen<\/p>\n<p>Kjell-Morten<\/p>","protected":false},"excerpt":{"rendered":"<p>Kj\u00e6re alle og vel overst\u00e5tt p\u00e5ske! Vi er snart kommet til mai m\u00e5ned og vi har allerede opplevd noen dager med n\u00e6rmest full sommer. Det betyr ogs\u00e5 at avslutningen av undervisningssemesteret n\u00e6rmer seg \u2013 inkludert eksamen. Det blir en spennende&hellip;<\/p>\n<p class=\"more-link-p\"><a class=\"more-link\" href=\"https:\/\/k1nytt.w.uib.no\/en\/2019\/04\/26\/undervisningen\/\">Read more &rarr;<\/a><\/p>","protected":false},"author":3579,"featured_media":0,"comment_status":"open","ping_status":"open","sticky":false,"template":"","format":"standard","meta":{"footnotes":""},"categories":[742],"tags":[],"class_list":["post-9241","post","type-post","status-publish","format-standard","hentry","category-annet"],"_links":{"self":[{"href":"https:\/\/k1nytt.w.uib.no\/en\/wp-json\/wp\/v2\/posts\/9241","targetHints":{"allow":["GET"]}}],"collection":[{"href":"https:\/\/k1nytt.w.uib.no\/en\/wp-json\/wp\/v2\/posts"}],"about":[{"href":"https:\/\/k1nytt.w.uib.no\/en\/wp-json\/wp\/v2\/types\/post"}],"author":[{"embeddable":true,"href":"https:\/\/k1nytt.w.uib.no\/en\/wp-json\/wp\/v2\/users\/3579"}],"replies":[{"embeddable":true,"href":"https:\/\/k1nytt.w.uib.no\/en\/wp-json\/wp\/v2\/comments?post=9241"}],"version-history":[{"count":2,"href":"https:\/\/k1nytt.w.uib.no\/en\/wp-json\/wp\/v2\/posts\/9241\/revisions"}],"predecessor-version":[{"id":9243,"href":"https:\/\/k1nytt.w.uib.no\/en\/wp-json\/wp\/v2\/posts\/9241\/revisions\/9243"}],"wp:attachment":[{"href":"https:\/\/k1nytt.w.uib.no\/en\/wp-json\/wp\/v2\/media?parent=9241"}],"wp:term":[{"taxonomy":"category","embeddable":true,"href":"https:\/\/k1nytt.w.uib.no\/en\/wp-json\/wp\/v2\/categories?post=9241"},{"taxonomy":"post_tag","embeddable":true,"href":"https:\/\/k1nytt.w.uib.no\/en\/wp-json\/wp\/v2\/tags?post=9241"}],"curies":[{"name":"wp","href":"https:\/\/api.w.org\/{rel}","templated":true}]}}