{"id":9458,"date":"2019-06-07T14:19:36","date_gmt":"2019-06-07T12:19:36","guid":{"rendered":"http:\/\/k1nytt.w.uib.no\/?p=9458"},"modified":"2019-06-07T14:19:36","modified_gmt":"2019-06-07T12:19:36","slug":"velferd-23","status":"publish","type":"post","link":"https:\/\/k1nytt.w.uib.no\/en\/2019\/06\/07\/velferd-23\/","title":{"rendered":"Velferd"},"content":{"rendered":"<div id=\"attachment_9497\" style=\"width: 310px\" class=\"wp-caption alignright\"><img loading=\"lazy\" decoding=\"async\" aria-describedby=\"caption-attachment-9497\" class=\"size-medium wp-image-9497\" src=\"http:\/\/k1nytt.w.uib.no\/files\/2019\/06\/Pride-300x200.jpg\" alt=\"\" width=\"300\" height=\"200\" srcset=\"https:\/\/k1nytt.w.uib.no\/files\/2019\/06\/Pride-300x200.jpg 300w, https:\/\/k1nytt.w.uib.no\/files\/2019\/06\/Pride-768x512.jpg 768w, https:\/\/k1nytt.w.uib.no\/files\/2019\/06\/Pride-1024x683.jpg 1024w\" sizes=\"auto, (max-width: 300px) 100vw, 300px\" \/><p id=\"caption-attachment-9497\" class=\"wp-caption-text\">Foto: colourbox.com<\/p><\/div>\n<p><strong>G\u00e5 med UiB i Pride-paraden!<\/strong><\/p>\n<p>UiB er en arbeidsplass og et studiested med mangfold. <strong>L\u00f8rdag 8. juni<\/strong> samles vi for \u00e5 g\u00e5 i den \u00e5rlige Pride-paraden<br \/>\ngjennom Bergens gater.<\/p>\n<ul>\n<li>Oppm\u00f8te: Skur 7 ved Festningskaien \/ Bradbenken mellom kl. 11 og 12<\/li>\n<li>Deltagere vil der f\u00e5 utdelt t-skjorte og regnbueflagg.<\/li>\n<li>Paraden g\u00e5r kl. 13, og avsluttes i Pride park p\u00e5 Festplassen.<\/li>\n<li>Se hele ruten her: <a href=\"http:\/\/bergenpride.no\/\">http:\/\/bergenpride.no\/<\/a><\/li>\n<\/ul>\n<p>Meld gjerne din interesse p\u00e5 Facebook:<br \/>\n<a href=\"https:\/\/www.facebook.com\/events\/418060115681334\/\">https:\/\/www.facebook.com\/events\/418060115681334\/<\/a><\/p>\n<hr \/>\n<p><strong><img loading=\"lazy\" decoding=\"async\" class=\"size-medium wp-image-9525 alignright\" src=\"http:\/\/k1nytt.w.uib.no\/files\/2019\/06\/Zoom-300x271.jpg\" alt=\"\" width=\"300\" height=\"271\" srcset=\"https:\/\/k1nytt.w.uib.no\/files\/2019\/06\/Zoom-300x271.jpg 300w, https:\/\/k1nytt.w.uib.no\/files\/2019\/06\/Zoom.jpg 370w\" sizes=\"auto, (max-width: 300px) 100vw, 300px\" \/>Gratis filmvisning p\u00e5 Landmark, Bergen kunsthall<\/strong><\/p>\n<p><strong>Zoom: <\/strong><strong><em>The Third Part of the Third Measure<br \/>\n<\/em>Onsdag 12. juni kl. 20.00<br \/>\n<\/strong><strong>Rasmus Meyers all\u00e9 5<\/strong><\/p>\n<p>Velkommen til visning av en film av The Otolith Group &laquo;The Third Part of the Third Measure&raquo; (UK, 2017, 43 min).\u00a0Filmen er et m\u00f8te med den militante minimalismen til den afro-amerikanske avantgarde-komponisten, pianisten og vokalisten Julius Eastman.<\/p>\n<p><span style=\"color: #202020;font-family: 'Helvetica','sans-serif';font-size: 12pt\">Zoom er Bergen Kunsthalls nye serie der de presenterer filmvisninger og live-arrangementer med kunstnere hvis arbeid beveger seg i sjiktet mellom samtidskunst og film. Denne sesongen presenterer de filmer som alle har fokus p\u00e5 sosial aktivisme og kollektiv praksis, og som unders\u00f8ker krysniningspunktet mellom dokumentar og fiksjon, det \u00e5 se og det \u00e5 lytte, tilbaketrekning og eksponering.<\/span><\/p>\n<hr \/>\n<p><strong>BEGYNNELSE <\/strong><\/p>\n<p><strong><img loading=\"lazy\" decoding=\"async\" class=\"size-medium wp-image-9248 alignright\" src=\"http:\/\/k1nytt.w.uib.no\/files\/2019\/05\/begynnelse-dns-300x300.jpg\" alt=\"\" width=\"300\" height=\"300\" srcset=\"https:\/\/k1nytt.w.uib.no\/files\/2019\/05\/begynnelse-dns-300x300.jpg 300w, https:\/\/k1nytt.w.uib.no\/files\/2019\/05\/begynnelse-dns-150x150.jpg 150w, https:\/\/k1nytt.w.uib.no\/files\/2019\/05\/begynnelse-dns.jpg 308w\" sizes=\"auto, (max-width: 300px) 100vw, 300px\" \/><\/strong><\/p>\n<p><strong>Sommeravslutning med kolleger eller ut med vennegjengen?<br \/>\n<\/strong>Begynnelse handler om jakten p\u00e5 kj\u00e6rligheten og frykten for forpliktelse! Det er duket for en rekke <strong>gjenkjennelige, pinlige, morsomme og ubehagelige<\/strong> situasjoner. Med: Karoline Kr\u00fcger og Eirik del Barco Soleglad<\/p>\n<p><strong>UiB-pris kun kr. 195,- (ordin\u00e6rpris kr. 390,-).<\/strong> Bestill via\u00a0disse lenkene:<\/p>\n<p><strong>Onsdag 12. juni<\/strong>: <a href=\"https:\/\/dennationalescene.eventim-billetter.no\/webshop\/webticket\/shop?kassierer=webuib2&amp;event=1131\">https:\/\/dennationalescene.eventim-billetter.no\/webshop\/webticket\/shop?kassierer=webuib2&amp;event=1131<\/a><\/p>\n<p><strong>Torsdag 13. juni<\/strong>: <a href=\"https:\/\/dennationalescene.eventim-billetter.no\/webshop\/webticket\/bestseatselect?eventId=1132\">https:\/\/dennationalescene.eventim-billetter.no\/webshop\/webticket\/bestseatselect?eventId=1132<\/a><\/p>\n<p>Du kan ogs\u00e5 bestille p\u00e5 tlf. 55 60 70 80. Husk \u00e5 henvise til UiB-tilbudet.<\/p>\n<p>Les mer om BEGYNNELSE her:<a href=\"https:\/\/dns.no\/forestillinger\/begynnelse\/\">\u00a0dns.no\/begynnelse<\/a><\/p>\n<p><img loading=\"lazy\" decoding=\"async\" class=\"alignnone size-full wp-image-9249\" src=\"http:\/\/k1nytt.w.uib.no\/files\/2019\/05\/dns-logo.png\" alt=\"\" width=\"176\" height=\"52\" \/><\/p>","protected":false},"excerpt":{"rendered":"<p>G\u00e5 med UiB i Pride-paraden! UiB er en arbeidsplass og et studiested med mangfold. L\u00f8rdag 8. juni samles vi for \u00e5 g\u00e5 i den \u00e5rlige Pride-paraden gjennom Bergens gater. Oppm\u00f8te: Skur 7 ved Festningskaien \/ Bradbenken mellom kl. 11 og&hellip;<\/p>\n<p class=\"more-link-p\"><a class=\"more-link\" href=\"https:\/\/k1nytt.w.uib.no\/en\/2019\/06\/07\/velferd-23\/\">Read more &rarr;<\/a><\/p>","protected":false},"author":4403,"featured_media":0,"comment_status":"open","ping_status":"open","sticky":false,"template":"","format":"standard","meta":{"footnotes":""},"categories":[79419],"tags":[],"class_list":["post-9458","post","type-post","status-publish","format-standard","hentry","category-velferd"],"_links":{"self":[{"href":"https:\/\/k1nytt.w.uib.no\/en\/wp-json\/wp\/v2\/posts\/9458","targetHints":{"allow":["GET"]}}],"collection":[{"href":"https:\/\/k1nytt.w.uib.no\/en\/wp-json\/wp\/v2\/posts"}],"about":[{"href":"https:\/\/k1nytt.w.uib.no\/en\/wp-json\/wp\/v2\/types\/post"}],"author":[{"embeddable":true,"href":"https:\/\/k1nytt.w.uib.no\/en\/wp-json\/wp\/v2\/users\/4403"}],"replies":[{"embeddable":true,"href":"https:\/\/k1nytt.w.uib.no\/en\/wp-json\/wp\/v2\/comments?post=9458"}],"version-history":[{"count":16,"href":"https:\/\/k1nytt.w.uib.no\/en\/wp-json\/wp\/v2\/posts\/9458\/revisions"}],"predecessor-version":[{"id":9527,"href":"https:\/\/k1nytt.w.uib.no\/en\/wp-json\/wp\/v2\/posts\/9458\/revisions\/9527"}],"wp:attachment":[{"href":"https:\/\/k1nytt.w.uib.no\/en\/wp-json\/wp\/v2\/media?parent=9458"}],"wp:term":[{"taxonomy":"category","embeddable":true,"href":"https:\/\/k1nytt.w.uib.no\/en\/wp-json\/wp\/v2\/categories?post=9458"},{"taxonomy":"post_tag","embeddable":true,"href":"https:\/\/k1nytt.w.uib.no\/en\/wp-json\/wp\/v2\/tags?post=9458"}],"curies":[{"name":"wp","href":"https:\/\/api.w.org\/{rel}","templated":true}]}}