{"id":9662,"date":"2019-06-21T13:29:12","date_gmt":"2019-06-21T11:29:12","guid":{"rendered":"http:\/\/k1nytt.w.uib.no\/?p=9662"},"modified":"2019-06-21T13:29:12","modified_gmt":"2019-06-21T11:29:12","slug":"erasmus-ansatt-og-undervisningsmobilitet-2019-20","status":"publish","type":"post","link":"https:\/\/k1nytt.w.uib.no\/en\/2019\/06\/21\/erasmus-ansatt-og-undervisningsmobilitet-2019-20\/","title":{"rendered":"Erasmus ansatt- og undervisningsmobilitet 2019\/20"},"content":{"rendered":"<p>Det lyses ut stipendmidler for Erasmus ansatt- og undervisningsmobilitet for 2019-20. <strong>Ansattmobilitet<\/strong> omfatter alle typer stillingskategorier, b\u00e5de tekniske-, administrative- og vitenskapelige ansatte. For 2019\/20 har UiB f\u00e5tt tildelt midler til \u00e5 gjennomf\u00f8re 28 <strong>undervisningsmobiliteter<\/strong> ved europeiske samarbeidsuniversitet.<\/p>\n<p>Fristene for \u00e5 s\u00f8ke om stipend er <strong>20. august<\/strong> og <strong>20. januar<\/strong>.<\/p>\n<p>Les mer om stipendmidler for ansattmobilitet <a href=\"https:\/\/tjinfo.uib.no\/Vedlegg?id=b6e74e68b6729b146859a60c8ca96664\">her<\/a>.<\/p>\n<p><a href=\"https:\/\/tjinfo.uib.no\/Vedlegg?id=e7aac646cc4ad97fcd6eba8517ec3bec\">S\u00f8knadsskjema ansattmobilitet<\/a><\/p>\n<p>Les mer om undervisningsmobilitet <a href=\"https:\/\/tjinfo.uib.no\/Vedlegg?id=243a0892bfc3b0900c289405f854f5b5\">her<\/a>.<\/p>\n<p><a href=\"https:\/\/tjinfo.uib.no\/Vedlegg?id=6204601eb0ef5a230d9ac6678167e7ee\">S\u00f8knadsskjema undervisningsmobilitet<\/a><\/p>","protected":false},"excerpt":{"rendered":"<p>Det lyses ut stipendmidler for Erasmus ansatt- og undervisningsmobilitet for 2019-20. Ansattmobilitet omfatter alle typer stillingskategorier, b\u00e5de tekniske-, administrative- og vitenskapelige ansatte. For 2019\/20 har UiB f\u00e5tt tildelt midler til \u00e5 gjennomf\u00f8re 28 undervisningsmobiliteter ved europeiske samarbeidsuniversitet. Fristene for \u00e5&hellip;<\/p>\n<p class=\"more-link-p\"><a class=\"more-link\" href=\"https:\/\/k1nytt.w.uib.no\/en\/2019\/06\/21\/erasmus-ansatt-og-undervisningsmobilitet-2019-20\/\">Read more &rarr;<\/a><\/p>","protected":false},"author":4403,"featured_media":0,"comment_status":"open","ping_status":"open","sticky":false,"template":"","format":"standard","meta":{"footnotes":""},"categories":[742],"tags":[],"class_list":["post-9662","post","type-post","status-publish","format-standard","hentry","category-annet"],"_links":{"self":[{"href":"https:\/\/k1nytt.w.uib.no\/en\/wp-json\/wp\/v2\/posts\/9662","targetHints":{"allow":["GET"]}}],"collection":[{"href":"https:\/\/k1nytt.w.uib.no\/en\/wp-json\/wp\/v2\/posts"}],"about":[{"href":"https:\/\/k1nytt.w.uib.no\/en\/wp-json\/wp\/v2\/types\/post"}],"author":[{"embeddable":true,"href":"https:\/\/k1nytt.w.uib.no\/en\/wp-json\/wp\/v2\/users\/4403"}],"replies":[{"embeddable":true,"href":"https:\/\/k1nytt.w.uib.no\/en\/wp-json\/wp\/v2\/comments?post=9662"}],"version-history":[{"count":4,"href":"https:\/\/k1nytt.w.uib.no\/en\/wp-json\/wp\/v2\/posts\/9662\/revisions"}],"predecessor-version":[{"id":9685,"href":"https:\/\/k1nytt.w.uib.no\/en\/wp-json\/wp\/v2\/posts\/9662\/revisions\/9685"}],"wp:attachment":[{"href":"https:\/\/k1nytt.w.uib.no\/en\/wp-json\/wp\/v2\/media?parent=9662"}],"wp:term":[{"taxonomy":"category","embeddable":true,"href":"https:\/\/k1nytt.w.uib.no\/en\/wp-json\/wp\/v2\/categories?post=9662"},{"taxonomy":"post_tag","embeddable":true,"href":"https:\/\/k1nytt.w.uib.no\/en\/wp-json\/wp\/v2\/tags?post=9662"}],"curies":[{"name":"wp","href":"https:\/\/api.w.org\/{rel}","templated":true}]}}