{"id":9786,"date":"2019-08-23T16:03:19","date_gmt":"2019-08-23T14:03:19","guid":{"rendered":"http:\/\/k1nytt.w.uib.no\/?p=9786"},"modified":"2019-08-23T16:03:17","modified_gmt":"2019-08-23T14:03:17","slug":"velferd-25","status":"publish","type":"post","link":"https:\/\/k1nytt.w.uib.no\/en\/2019\/08\/23\/velferd-25\/","title":{"rendered":"Velferd"},"content":{"rendered":"<h4 style=\"text-align: center\"><strong>Morgon og kveld<\/strong> av Jon Fosse<\/h4>\n<div id=\"attachment_9848\" style=\"width: 262px\" class=\"wp-caption aligncenter\"><img loading=\"lazy\" decoding=\"async\" aria-describedby=\"caption-attachment-9848\" class=\"wp-image-9848\" src=\"http:\/\/k1nytt.w.uib.no\/files\/2019\/08\/Morgon_kveld--300x164.jpg\" alt=\"\" width=\"252\" height=\"138\" srcset=\"https:\/\/k1nytt.w.uib.no\/files\/2019\/08\/Morgon_kveld--300x164.jpg 300w, https:\/\/k1nytt.w.uib.no\/files\/2019\/08\/Morgon_kveld--768x420.jpg 768w, https:\/\/k1nytt.w.uib.no\/files\/2019\/08\/Morgon_kveld--1024x561.jpg 1024w, https:\/\/k1nytt.w.uib.no\/files\/2019\/08\/Morgon_kveld-.jpg 1191w\" sizes=\"auto, (max-width: 252px) 100vw, 252px\" \/><p id=\"caption-attachment-9848\" class=\"wp-caption-text\">Foto: hordalandteater.no<\/p><\/div>\n<p style=\"text-align: center\">Tilbod til UiB: Billettar til pr\u00f8veframsyning og generalpr\u00f8ve i Logen.<br \/>\n<strong>Billettpris kun <span style=\"color: #993300\">kr. 100<\/span><\/strong><br \/>\n<u>M\u00e5ndag 26., tysdag 27. og onsdag 28. august kl. 19.00.<\/u><\/p>\n<p><strong>Dramatisering<\/strong>: Hildegun Riise <strong>Regi<\/strong>: Terje Naudeer <strong>Med<\/strong>: Stig Amdam<br \/>\nI eit fortetta \u00ablimbo-univers\u00bb m\u00f8ter vi Johannes i ytterpunkta av sin livssyklus. Den dagen han vert f\u00f8dd og den dagen han skal over til den andre sida.<\/p>\n<p>Du kan kj\u00f8pe billettar ved \u00e5 klikke p\u00e5 \u00f8nsket dato under, eller sende e-post til <a href=\"mailto:publikum@hordalandteater.no\">Hordalandteater<\/a>.<br \/>\n<a href=\"https:\/\/hordalandteater.eventim-billetter.no\/webshop\/webticket\/shop?event=302&amp;kassierer=webprove\" target=\"_blank\" rel=\"noopener noreferrer\">26. august<\/a> <a href=\"https:\/\/hordalandteater.eventim-billetter.no\/webshop\/webticket\/shop?event=303&amp;kassierer=webprove\" target=\"_blank\" rel=\"noopener noreferrer\">27. august<\/a> <a href=\"https:\/\/hordalandteater.eventim-billetter.no\/webshop\/webticket\/shop?event=304&amp;kassierer=webprove\" target=\"_blank\" rel=\"noopener noreferrer\">28. august<\/a><\/p>\n<hr \/>\n<h4><strong>Ny s\u00f8knadsperiode for hyttene p\u00e5 Ustaoset seinh\u00f8sten 2019 \/ New application period for the cottages at Ustaoset late autumn 2019<\/strong><\/h4>\n<p><img loading=\"lazy\" decoding=\"async\" class=\"alignright\" src=\"https:\/\/reg.app.uib.no\/apex\/velferdshytter_public\/r\/files\/static\/v1Y\/Ottesheimen_sommer.jpg\" alt=\"\" width=\"243\" height=\"185\" \/>Det er n\u00e5 \u00e5pnet for elektronisk s\u00f8knad til U-heimen, Ottesheimen og Butten p\u00e5 Ustaoset for\u00a0 seinh\u00f8sten 2019, i perioden 13. oktober &#8211; 5. januar 2020. Det er en felles trekning for alle hyttene. Ved s\u00f8knad om hytte m\u00e5 man prioritere b\u00e5de \u00f8nsket hytte og \u00f8nsket periode. Avbestillingsfrist for tildelt hytte er 30 dager f\u00f8r leieperiodens start for \u00e5 unng\u00e5 gebyr for avbestilling.<\/p>\n<p>Man m\u00e5 benytte <a href=\"https:\/\/reg.app.uib.no\/apex\/f?p=106:1::::::\">UiBs elektroniske hyttesystem<\/a> ved \u00e5 logge seg inn med sitt UiB brukernavn og passord.<br \/>\n<strong>S\u00f8knadsfristen er 13. september. Trekningen foretas 16. september 2019.<\/strong><\/p>\n<p>Hilsen, Eiendomsavdelingen<br \/>\n____<\/p>\n<p>Application for the U-Heimen, Ottesheimen and Butten at Ustaoset for late autumn 2019, for the period October 13th to January 5th 2020, is now open. A public draw will be held for all the cottages. When applying for a cottage, one must prioritize both the desired cottage and the desired period. Cancellation period for assigned cottage is 30 days prior to the start of the rental period to avoid the cancellation fee.<\/p>\n<p><a href=\"https:\/\/reg.app.uib.no\/apex\/f?p=106:1::::::\">UiB&#8217;s electronic cabin system<\/a> must be used by logging in with your UiB username and password.<br \/>\n<strong>The application deadline is September 13th. The draw will be held September 16th 2019.<\/strong><\/p>\n<p>Regards, Estate and Facilities Management division<\/p>\n<hr \/>\n<h5 style=\"text-align: left\"><strong>The Hollies i Grieghallen l\u00f8rdag 7. september kl. 19.30<\/strong><\/h5>\n<h4><\/h4>\n<h4><img loading=\"lazy\" decoding=\"async\" class=\"wp-image-9852 alignnone\" src=\"http:\/\/k1nytt.w.uib.no\/files\/2019\/08\/hollies-254x300.jpg\" alt=\"\" width=\"214\" height=\"251\" \/><\/h4>\n<p style=\"text-align: left\">Spesialtilbud til UiB-ansatte: Kr. 525,- (Ordin\u00e6r pris 725,-)<br \/>\nOppgi: UiB-ansatt ved bestilling p\u00e5 tlf. 55216150<br \/>\n<strong><br \/>\nThe Hollies har turnert i alle \u00e5r siden 1962 og er kjent som et av popmusikkens beste band. Siden 2010 har de solgt over 17 000 billetter i Norge. L\u00f8rdag 7. september er de tilbake til Grieghallen i Bergen \u2013 det gledes!<br \/>\n<\/strong><a style=\"font-size: 15px;font-weight: 300\" href=\"http:\/\/www.revyogteater.no\/\">www.revyogteater.no<\/a><\/p>\n<hr \/>\n<h5><strong>CARMINA BURANA<br \/>\nOperagrotten, 29., 30. og 31. august kl. 22.30<\/strong><\/h5>\n<p><img loading=\"lazy\" decoding=\"async\" class=\"alignleft wp-image-9879\" src=\"http:\/\/k1nytt.w.uib.no\/files\/2019\/08\/CARMINA-BURANA-300x141.jpg\" alt=\"\" width=\"280\" height=\"137\" \/>OPERAGROTTEN er en uoppdaget perle like ved bybanestoppet p\u00e5 Nyg\u00e5rd!<br \/>\nBergen Operakor er klar. Og Eugenia Dushina, Alexander Kravetz og Titziano Bracci inntar gressbakkene ved Geofysen. Opera Bergens Orkester- lysdesign Jens Lange. Her blir det kraft og rytmer!<\/p>\n<p>Ansatte og studenter ved UIB tilbys rabatterte billetter.<br \/>\n\u2022<strong> Sitteplass kr. 420 inkl. bill.avgift<\/strong> (ord pris kr. 490 + bill.avgift)<br \/>\n\u2022<strong> St\u00e5plass kr. 200 inkl. bill.avgift<\/strong> (ord. pris kr. 300 + bill.avgift)<br \/>\n\u2022 <strong>Studenter kr. 200 \u2013 st\u00e5plass<\/strong>.<\/p>\n<p>Send bestilling til <a href=\"\/en\/post@operabergen.no\/\">post@operabergen.no<\/a> Billettene blir da reservert fram til de hentes og betales ved inngangen fra en time f\u00f8r forestilling.<\/p>","protected":false},"excerpt":{"rendered":"<p>Morgon og kveld av Jon Fosse Tilbod til UiB: Billettar til pr\u00f8veframsyning og generalpr\u00f8ve i Logen. Billettpris kun kr. 100 M\u00e5ndag 26., tysdag 27. og onsdag 28. august kl. 19.00. Dramatisering: Hildegun Riise Regi: Terje Naudeer Med: Stig Amdam I&hellip;<\/p>\n<p class=\"more-link-p\"><a class=\"more-link\" href=\"https:\/\/k1nytt.w.uib.no\/en\/2019\/08\/23\/velferd-25\/\">Read more &rarr;<\/a><\/p>","protected":false},"author":4402,"featured_media":0,"comment_status":"open","ping_status":"open","sticky":false,"template":"","format":"standard","meta":{"footnotes":""},"categories":[79419],"tags":[],"class_list":["post-9786","post","type-post","status-publish","format-standard","hentry","category-velferd"],"_links":{"self":[{"href":"https:\/\/k1nytt.w.uib.no\/en\/wp-json\/wp\/v2\/posts\/9786","targetHints":{"allow":["GET"]}}],"collection":[{"href":"https:\/\/k1nytt.w.uib.no\/en\/wp-json\/wp\/v2\/posts"}],"about":[{"href":"https:\/\/k1nytt.w.uib.no\/en\/wp-json\/wp\/v2\/types\/post"}],"author":[{"embeddable":true,"href":"https:\/\/k1nytt.w.uib.no\/en\/wp-json\/wp\/v2\/users\/4402"}],"replies":[{"embeddable":true,"href":"https:\/\/k1nytt.w.uib.no\/en\/wp-json\/wp\/v2\/comments?post=9786"}],"version-history":[{"count":60,"href":"https:\/\/k1nytt.w.uib.no\/en\/wp-json\/wp\/v2\/posts\/9786\/revisions"}],"predecessor-version":[{"id":9938,"href":"https:\/\/k1nytt.w.uib.no\/en\/wp-json\/wp\/v2\/posts\/9786\/revisions\/9938"}],"wp:attachment":[{"href":"https:\/\/k1nytt.w.uib.no\/en\/wp-json\/wp\/v2\/media?parent=9786"}],"wp:term":[{"taxonomy":"category","embeddable":true,"href":"https:\/\/k1nytt.w.uib.no\/en\/wp-json\/wp\/v2\/categories?post=9786"},{"taxonomy":"post_tag","embeddable":true,"href":"https:\/\/k1nytt.w.uib.no\/en\/wp-json\/wp\/v2\/tags?post=9786"}],"curies":[{"name":"wp","href":"https:\/\/api.w.org\/{rel}","templated":true}]}}