{"id":9869,"date":"2019-08-23T16:32:35","date_gmt":"2019-08-23T14:32:35","guid":{"rendered":"http:\/\/k1nytt.w.uib.no\/?p=9869"},"modified":"2019-08-23T16:32:35","modified_gmt":"2019-08-23T14:32:35","slug":"vel-overstatt-sommer","status":"publish","type":"post","link":"https:\/\/k1nytt.w.uib.no\/en\/2019\/08\/23\/vel-overstatt-sommer\/","title":{"rendered":"Vel overst\u00e5tt sommer!"},"content":{"rendered":"<p><img loading=\"lazy\" decoding=\"async\" class=\"alignleft size-medium wp-image-9671\" src=\"http:\/\/k1nytt.w.uib.no\/files\/2019\/06\/Kjell-Morten-Myhr-197x300.jpg\" alt=\"\" width=\"197\" height=\"300\" srcset=\"https:\/\/k1nytt.w.uib.no\/files\/2019\/06\/Kjell-Morten-Myhr-197x300.jpg 197w, https:\/\/k1nytt.w.uib.no\/files\/2019\/06\/Kjell-Morten-Myhr-768x1168.jpg 768w, https:\/\/k1nytt.w.uib.no\/files\/2019\/06\/Kjell-Morten-Myhr-673x1024.jpg 673w, https:\/\/k1nytt.w.uib.no\/files\/2019\/06\/Kjell-Morten-Myhr.jpg 1413w\" sizes=\"auto, (max-width: 197px) 100vw, 197px\" \/>Kj\u00e6re alle og velkommen tilbake fra velfortjent sommerferie!<\/p>\n<p>Det har v\u00e6rt deilig med sommerferie med mye fint v\u00e6r og et avbrekk fra hverdagslige sysler. Samtidig opplever jeg at det er godt \u00e5 v\u00e6re tilbake igjen for \u00e5 treffe gode og hyggelige kolleger, og ta fatt p\u00e5 rikelig med viktig og spennende arbeid.<\/p>\n<p>Sommeren har ogs\u00e5 gitt litt tid til ettertanke \u2013 og jeg har tenkt flere ganger hvor heldig jeg er som f\u00e5r arbeide ved K1\/UiB med viktige samfunnsoppdrag innen undervisning og forskning. Vi er en stor og kompleks organisasjon som er helt avhengig av et samspill og lag\u00e5nd fra en rekke forskjellige spesialiteter og profesjoner \u2013 hvor alle er viktige.<\/p>\n<p>For de av oss som ogs\u00e5 har en funksjon inn mot sykehuset med diagnostikk og behandling, opplever vi det samme der. I sommer fikk jeg ogs\u00e5 oppleve sykehuset igjen fra pasientsiden med 3. (og siste) operasjon av ankelbruddet \u2013 og det er imponerende \u00e5 se hva som skal til for en effektiv og god sykehusdrift.<\/p>\n<p>Endt sommerferie betyr ogs\u00e5 at vi er tilbake til v\u00e5re arbeidsoppgaver. Studentene er allerede i full gang med nye semestre. Det er ofte mye \u00e5 f\u00e5 p\u00e5 plass ved semesterstart \u2013 og eksamensplanlegging er allerede rundt neste sving.<\/p>\n<p>Samtidig g\u00e5r forskningsprosjektene videre \u2013 og nye s\u00f8knadsrunder for forskningsmidler og stipender m\u00e5 planlegges. For K1 er Helse Vest-utlysningen s\u00e6rlig viktig med s\u00f8knadsfrist 15. september (<a href=\"https:\/\/helse-vest.no\/vart-oppdrag\/vare-hovudoppgaver\/forsking\/utlysing-av-helse-vests-forskingsmidlar-2019\">https:\/\/helse-vest.no\/vart-oppdrag\/vare-hovudoppgaver\/forsking\/utlysing-av-helse-vests-forskingsmidlar-2019<\/a>). K1 hadde denne v\u00e5ren rekordmange s\u00f8knader til NFR \u2013 og effektiv gjenbruk eller knoppskyting fra disse vil v\u00e6re en strategisk og effektiv s\u00f8knadsstrategi.<\/p>\n<p>Jeg nytter ogs\u00e5 anledningen til \u00e5 reklamere for noen viktige saker som er mer utfyllende omtalt i dette K1-Nytt;<\/p>\n<ul>\n<li>Instituttets dag blir 14. november<\/li>\n<li>Pedagogisk p\u00e5fyll; <a href=\"https:\/\/www.uib.no\/med\/enhetforl\u00e6ring\/128436\/pedagogisk-p\u00e5fyll-h\u00f8sten-2019\">https:\/\/www.uib.no\/med\/enhetforl\u00e6ring\/128436\/pedagogisk-p\u00e5fyll-h\u00f8sten-2019<\/a><\/li>\n<li>Spennende neuroscience symposium i BB-bygget 2. september; <a href=\"https:\/\/www.uib.no\/en\/rg\/fmri\/128889\/passion-neuroscience-%E2%80%93-symposium\">https:\/\/www.uib.no\/en\/rg\/fmri\/128889\/passion-neuroscience-%E2%80%93-symposium<\/a><\/li>\n<\/ul>\n<p>Jeg \u00f8nsker dere alle igjen velkommen tilbake fra ferie \u2013 med gode \u00f8nsker for helgen og kommende arbeidsuker.<\/p>\n<p>Beste hilsen<\/p>\n<p>Kjell-Morten<\/p>","protected":false},"excerpt":{"rendered":"<p>Kj\u00e6re alle og velkommen tilbake fra velfortjent sommerferie! Det har v\u00e6rt deilig med sommerferie med mye fint v\u00e6r og et avbrekk fra hverdagslige sysler. Samtidig opplever jeg at det er godt \u00e5 v\u00e6re tilbake igjen for \u00e5 treffe gode og&hellip;<\/p>\n<p class=\"more-link-p\"><a class=\"more-link\" href=\"https:\/\/k1nytt.w.uib.no\/en\/2019\/08\/23\/vel-overstatt-sommer\/\">Read more &rarr;<\/a><\/p>","protected":false},"author":4403,"featured_media":0,"comment_status":"open","ping_status":"open","sticky":false,"template":"","format":"standard","meta":{"footnotes":""},"categories":[73738],"tags":[],"class_list":["post-9869","post","type-post","status-publish","format-standard","hentry","category-leder"],"_links":{"self":[{"href":"https:\/\/k1nytt.w.uib.no\/en\/wp-json\/wp\/v2\/posts\/9869","targetHints":{"allow":["GET"]}}],"collection":[{"href":"https:\/\/k1nytt.w.uib.no\/en\/wp-json\/wp\/v2\/posts"}],"about":[{"href":"https:\/\/k1nytt.w.uib.no\/en\/wp-json\/wp\/v2\/types\/post"}],"author":[{"embeddable":true,"href":"https:\/\/k1nytt.w.uib.no\/en\/wp-json\/wp\/v2\/users\/4403"}],"replies":[{"embeddable":true,"href":"https:\/\/k1nytt.w.uib.no\/en\/wp-json\/wp\/v2\/comments?post=9869"}],"version-history":[{"count":4,"href":"https:\/\/k1nytt.w.uib.no\/en\/wp-json\/wp\/v2\/posts\/9869\/revisions"}],"predecessor-version":[{"id":9930,"href":"https:\/\/k1nytt.w.uib.no\/en\/wp-json\/wp\/v2\/posts\/9869\/revisions\/9930"}],"wp:attachment":[{"href":"https:\/\/k1nytt.w.uib.no\/en\/wp-json\/wp\/v2\/media?parent=9869"}],"wp:term":[{"taxonomy":"category","embeddable":true,"href":"https:\/\/k1nytt.w.uib.no\/en\/wp-json\/wp\/v2\/categories?post=9869"},{"taxonomy":"post_tag","embeddable":true,"href":"https:\/\/k1nytt.w.uib.no\/en\/wp-json\/wp\/v2\/tags?post=9869"}],"curies":[{"name":"wp","href":"https:\/\/api.w.org\/{rel}","templated":true}]}}